{"id":1025,"date":"2013-03-25T22:29:23","date_gmt":"2013-03-25T21:29:23","guid":{"rendered":"https:\/\/www.tallerparentesis.com\/desahuciados\/?p=1025"},"modified":"2019-01-09T09:27:15","modified_gmt":"2019-01-09T08:27:15","slug":"convocatoria-de-la-pah","status":"publish","type":"post","link":"https:\/\/www.tallerparentesis.com\/desahuciados\/convocatoria-de-la-pah\/","title":{"rendered":"Convocatoria de la PAH"},"content":{"rendered":"<p style=\"text-align: justify\">Las plataformas de afectados por la hipoteca (PAH) reunidas en Madrid en Asamblea estatal ha valorado y acordado las acciones necesarias para exigir que se cumpla la Directiva 93\/13 de protecci\u00f3n de los derechos de los consumidores, a ra\u00edz de la sentencia del Tribunal Judicial de la Uni\u00f3n Europea que ha dictaminado que los procedimientos de Ejecuci\u00f3n Hipotecaria (los que inicia la entidad bancaria para subastar las viviendas de las familias y echarlas despu\u00e9s de su casa) son ilegales.<\/p>\n<p style=\"text-align: justify\">Dado que esto afecta a todos los procesos en curso y a los ya finalizados, las Plataformas de toda Espa\u00f1a convocan a todos los afectados a solicitar inmediatamente la suspensi\u00f3n del proceso judicial de su ejecuci\u00f3n hipotecaria en el juzgado que les corresponda. La solicitud escrita se puede descargar en la p\u00e1gina web de la Plataforma. Esta entrega se har\u00e1 de manera masiva durante la ma\u00f1ana del 26 de marzo en todas las ciudades donde haya convocado la PAH.<\/p>\n","protected":false},"excerpt":{"rendered":"<p>Las plataformas de afectados por la hipoteca (PAH) reunidas en Madrid en Asamblea estatal ha valorado y acordado las acciones necesarias para exigir que se cumpla la Directiva 93\/13 de protecci\u00f3n de los derechos de los consumidores, a ra\u00edz de &hellip; <a href=\"https:\/\/www.tallerparentesis.com\/desahuciados\/convocatoria-de-la-pah\/\">Sigue leyendo <span class=\"meta-nav\">&rarr;<\/span><\/a><\/p>\n","protected":false},"author":127,"featured_media":0,"comment_status":"open","ping_status":"open","sticky":false,"template":"","format":"standard","meta":{"footnotes":""},"categories":[4],"tags":[],"yoast_head":"<!-- This site is optimized with the Yoast SEO plugin v22.3 - https:\/\/yoast.com\/wordpress\/plugins\/seo\/ -->\n<title>Convocatoria de la PAH - Desahuciados<\/title>\n<meta name=\"robots\" content=\"index, follow, max-snippet:-1, max-image-preview:large, max-video-preview:-1\" \/>\n<link rel=\"canonical\" href=\"https:\/\/www.tallerparentesis.com\/desahuciados\/convocatoria-de-la-pah\/\" \/>\n<meta property=\"og:locale\" content=\"es_ES\" \/>\n<meta property=\"og:type\" content=\"article\" \/>\n<meta property=\"og:title\" content=\"Convocatoria de la PAH - Desahuciados\" \/>\n<meta property=\"og:description\" content=\"Las plataformas de afectados por la hipoteca (PAH) reunidas en Madrid en Asamblea estatal ha valorado y acordado las acciones necesarias para exigir que se cumpla la Directiva 93\/13 de protecci\u00f3n de los derechos de los consumidores, a ra\u00edz de &hellip; Sigue leyendo &rarr;\" \/>\n<meta property=\"og:url\" content=\"https:\/\/www.tallerparentesis.com\/desahuciados\/convocatoria-de-la-pah\/\" \/>\n<meta property=\"og:site_name\" content=\"Desahuciados\" \/>\n<meta property=\"article:publisher\" content=\"https:\/\/es-es.facebook.com\/tallerparentesismalaga\" \/>\n<meta property=\"article:published_time\" content=\"2013-03-25T21:29:23+00:00\" \/>\n<meta property=\"article:modified_time\" content=\"2019-01-09T08:27:15+00:00\" \/>\n<meta name=\"author\" content=\"Desahuciados\" \/>\n<meta name=\"twitter:card\" content=\"summary_large_image\" \/>\n<meta name=\"twitter:creator\" content=\"@tallerparentsis\" \/>\n<meta name=\"twitter:site\" content=\"@tallerparentsis\" \/>\n<meta name=\"twitter:label1\" content=\"Escrito por\" \/>\n\t<meta name=\"twitter:data1\" content=\"Desahuciados\" \/>\n\t<meta name=\"twitter:label2\" content=\"Tiempo de lectura\" \/>\n\t<meta name=\"twitter:data2\" content=\"1 minuto\" \/>\n<script type=\"application\/ld+json\" class=\"yoast-schema-graph\">{\"@context\":\"https:\/\/schema.org\",\"@graph\":[{\"@type\":\"WebPage\",\"@id\":\"https:\/\/www.tallerparentesis.com\/desahuciados\/convocatoria-de-la-pah\/\",\"url\":\"https:\/\/www.tallerparentesis.com\/desahuciados\/convocatoria-de-la-pah\/\",\"name\":\"Convocatoria de la PAH - Desahuciados\",\"isPartOf\":{\"@id\":\"https:\/\/www.tallerparentesis.com\/desahuciados\/#website\"},\"datePublished\":\"2013-03-25T21:29:23+00:00\",\"dateModified\":\"2019-01-09T08:27:15+00:00\",\"author\":{\"@id\":\"https:\/\/www.tallerparentesis.com\/desahuciados\/#\/schema\/person\/833505b05c9e90ce0c7373288754d9ac\"},\"breadcrumb\":{\"@id\":\"https:\/\/www.tallerparentesis.com\/desahuciados\/convocatoria-de-la-pah\/#breadcrumb\"},\"inLanguage\":\"es\",\"potentialAction\":[{\"@type\":\"ReadAction\",\"target\":[\"https:\/\/www.tallerparentesis.com\/desahuciados\/convocatoria-de-la-pah\/\"]}]},{\"@type\":\"BreadcrumbList\",\"@id\":\"https:\/\/www.tallerparentesis.com\/desahuciados\/convocatoria-de-la-pah\/#breadcrumb\",\"itemListElement\":[{\"@type\":\"ListItem\",\"position\":1,\"name\":\"Portada\",\"item\":\"https:\/\/www.tallerparentesis.com\/desahuciados\/\"},{\"@type\":\"ListItem\",\"position\":2,\"name\":\"Convocatoria de la PAH\"}]},{\"@type\":\"WebSite\",\"@id\":\"https:\/\/www.tallerparentesis.com\/desahuciados\/#website\",\"url\":\"https:\/\/www.tallerparentesis.com\/desahuciados\/\",\"name\":\"Desahuciados\",\"description\":\"Relatos de la Crisis\",\"potentialAction\":[{\"@type\":\"SearchAction\",\"target\":{\"@type\":\"EntryPoint\",\"urlTemplate\":\"https:\/\/www.tallerparentesis.com\/desahuciados\/?s={search_term_string}\"},\"query-input\":\"required name=search_term_string\"}],\"inLanguage\":\"es\"},{\"@type\":\"Person\",\"@id\":\"https:\/\/www.tallerparentesis.com\/desahuciados\/#\/schema\/person\/833505b05c9e90ce0c7373288754d9ac\",\"name\":\"Desahuciados\",\"image\":{\"@type\":\"ImageObject\",\"inLanguage\":\"es\",\"@id\":\"https:\/\/www.tallerparentesis.com\/desahuciados\/#\/schema\/person\/image\/\",\"url\":\"https:\/\/secure.gravatar.com\/avatar\/db593f6c2c9c8141e6db0af88328f30a?s=96&d=mm&r=g\",\"contentUrl\":\"https:\/\/secure.gravatar.com\/avatar\/db593f6c2c9c8141e6db0af88328f30a?s=96&d=mm&r=g\",\"caption\":\"Desahuciados\"},\"url\":\"https:\/\/www.tallerparentesis.com\/desahuciados\/author\/desahuciados\/\"}]}<\/script>\n<!-- \/ Yoast SEO plugin. -->","yoast_head_json":{"title":"Convocatoria de la PAH - Desahuciados","robots":{"index":"index","follow":"follow","max-snippet":"max-snippet:-1","max-image-preview":"max-image-preview:large","max-video-preview":"max-video-preview:-1"},"canonical":"https:\/\/www.tallerparentesis.com\/desahuciados\/convocatoria-de-la-pah\/","og_locale":"es_ES","og_type":"article","og_title":"Convocatoria de la PAH - Desahuciados","og_description":"Las plataformas de afectados por la hipoteca (PAH) reunidas en Madrid en Asamblea estatal ha valorado y acordado las acciones necesarias para exigir que se cumpla la Directiva 93\/13 de protecci\u00f3n de los derechos de los consumidores, a ra\u00edz de &hellip; Sigue leyendo &rarr;","og_url":"https:\/\/www.tallerparentesis.com\/desahuciados\/convocatoria-de-la-pah\/","og_site_name":"Desahuciados","article_publisher":"https:\/\/es-es.facebook.com\/tallerparentesismalaga","article_published_time":"2013-03-25T21:29:23+00:00","article_modified_time":"2019-01-09T08:27:15+00:00","author":"Desahuciados","twitter_card":"summary_large_image","twitter_creator":"@tallerparentsis","twitter_site":"@tallerparentsis","twitter_misc":{"Escrito por":"Desahuciados","Tiempo de lectura":"1 minuto"},"schema":{"@context":"https:\/\/schema.org","@graph":[{"@type":"WebPage","@id":"https:\/\/www.tallerparentesis.com\/desahuciados\/convocatoria-de-la-pah\/","url":"https:\/\/www.tallerparentesis.com\/desahuciados\/convocatoria-de-la-pah\/","name":"Convocatoria de la PAH - Desahuciados","isPartOf":{"@id":"https:\/\/www.tallerparentesis.com\/desahuciados\/#website"},"datePublished":"2013-03-25T21:29:23+00:00","dateModified":"2019-01-09T08:27:15+00:00","author":{"@id":"https:\/\/www.tallerparentesis.com\/desahuciados\/#\/schema\/person\/833505b05c9e90ce0c7373288754d9ac"},"breadcrumb":{"@id":"https:\/\/www.tallerparentesis.com\/desahuciados\/convocatoria-de-la-pah\/#breadcrumb"},"inLanguage":"es","potentialAction":[{"@type":"ReadAction","target":["https:\/\/www.tallerparentesis.com\/desahuciados\/convocatoria-de-la-pah\/"]}]},{"@type":"BreadcrumbList","@id":"https:\/\/www.tallerparentesis.com\/desahuciados\/convocatoria-de-la-pah\/#breadcrumb","itemListElement":[{"@type":"ListItem","position":1,"name":"Portada","item":"https:\/\/www.tallerparentesis.com\/desahuciados\/"},{"@type":"ListItem","position":2,"name":"Convocatoria de la PAH"}]},{"@type":"WebSite","@id":"https:\/\/www.tallerparentesis.com\/desahuciados\/#website","url":"https:\/\/www.tallerparentesis.com\/desahuciados\/","name":"Desahuciados","description":"Relatos de la Crisis","potentialAction":[{"@type":"SearchAction","target":{"@type":"EntryPoint","urlTemplate":"https:\/\/www.tallerparentesis.com\/desahuciados\/?s={search_term_string}"},"query-input":"required name=search_term_string"}],"inLanguage":"es"},{"@type":"Person","@id":"https:\/\/www.tallerparentesis.com\/desahuciados\/#\/schema\/person\/833505b05c9e90ce0c7373288754d9ac","name":"Desahuciados","image":{"@type":"ImageObject","inLanguage":"es","@id":"https:\/\/www.tallerparentesis.com\/desahuciados\/#\/schema\/person\/image\/","url":"https:\/\/secure.gravatar.com\/avatar\/db593f6c2c9c8141e6db0af88328f30a?s=96&d=mm&r=g","contentUrl":"https:\/\/secure.gravatar.com\/avatar\/db593f6c2c9c8141e6db0af88328f30a?s=96&d=mm&r=g","caption":"Desahuciados"},"url":"https:\/\/www.tallerparentesis.com\/desahuciados\/author\/desahuciados\/"}]}},"_links":{"self":[{"href":"https:\/\/www.tallerparentesis.com\/desahuciados\/wp-json\/wp\/v2\/posts\/1025"}],"collection":[{"href":"https:\/\/www.tallerparentesis.com\/desahuciados\/wp-json\/wp\/v2\/posts"}],"about":[{"href":"https:\/\/www.tallerparentesis.com\/desahuciados\/wp-json\/wp\/v2\/types\/post"}],"author":[{"embeddable":true,"href":"https:\/\/www.tallerparentesis.com\/desahuciados\/wp-json\/wp\/v2\/users\/127"}],"replies":[{"embeddable":true,"href":"https:\/\/www.tallerparentesis.com\/desahuciados\/wp-json\/wp\/v2\/comments?post=1025"}],"version-history":[{"count":4,"href":"https:\/\/www.tallerparentesis.com\/desahuciados\/wp-json\/wp\/v2\/posts\/1025\/revisions"}],"predecessor-version":[{"id":1029,"href":"https:\/\/www.tallerparentesis.com\/desahuciados\/wp-json\/wp\/v2\/posts\/1025\/revisions\/1029"}],"wp:attachment":[{"href":"https:\/\/www.tallerparentesis.com\/desahuciados\/wp-json\/wp\/v2\/media?parent=1025"}],"wp:term":[{"taxonomy":"category","embeddable":true,"href":"https:\/\/www.tallerparentesis.com\/desahuciados\/wp-json\/wp\/v2\/categories?post=1025"},{"taxonomy":"post_tag","embeddable":true,"href":"https:\/\/www.tallerparentesis.com\/desahuciados\/wp-json\/wp\/v2\/tags?post=1025"}],"curies":[{"name":"wp","href":"https:\/\/api.w.org\/{rel}","templated":true}]}}