{"id":107,"date":"2012-12-14T01:10:36","date_gmt":"2012-12-14T00:10:36","guid":{"rendered":"https:\/\/www.tallerparentesis.com\/desahuciados\/?p=107"},"modified":"2013-01-07T21:37:03","modified_gmt":"2013-01-07T20:37:03","slug":"la-desobediencia","status":"publish","type":"post","link":"https:\/\/www.tallerparentesis.com\/desahuciados\/la-desobediencia\/","title":{"rendered":"La desobediencia"},"content":{"rendered":"<p style=\"text-align: justify;\"><img loading=\"lazy\" decoding=\"async\" class=\"alignleft size-full wp-image-123\" title=\"Enciclopedia \u00c1lvarez\" src=\"\/\/www.tallerparentesis.com\/desahuciados\/files\/2012\/12\/Enciclopedia-Alvarez.jpg\" alt=\"\" width=\"300\" height=\"473\" srcset=\"https:\/\/www.tallerparentesis.com\/desahuciados\/files\/2012\/12\/Enciclopedia-Alvarez.jpg 300w, https:\/\/www.tallerparentesis.com\/desahuciados\/files\/2012\/12\/Enciclopedia-Alvarez-190x300.jpg 190w\" sizes=\"(max-width: 300px) 100vw, 300px\" \/>Me llama la atenci\u00f3n cuando hojeo LA ENCICLOPEDIA \u00c1LVAREZ \u00a0(texto escolar del franquismo en las escuelas de los a\u00f1os 50-60) de qu\u00e9 modo se destaca, con fines doctrinarios, la obediencia como la virtud m\u00e1s importante que debe\u00a0practicar el ni\u00f1o.Transcribo un p\u00e1rrafo de un libro escrito por un te\u00f3logo de la liberaci\u00f3n, jesuita, que a\u00a0sus ochenta a\u00f1os\u00a0ha decidido\u00a0abandonar sus votos de obediencia; es decir, se ha salido de cura.<\/p>\n<p style=\"text-align: justify;\">\u00abEl sistema, cualquier sistema, soporta las protestas, las denuncias, la impopularidad. Lo que no soporta es la desobediencia\u00a0de aquellos que anteponen las necesidades de los que sufren (por lo que sea) a los deberes que les impone el sistema. Porque todo sistema se sostiene sobre la sumisi\u00f3n de los que hacen de la m\u00edstica de la sumisi\u00f3n su lema de moralidad y su proyecto de vida.\u00bb\u00a0 (Jose Mar\u00eda Castillo.<em> V\u00edctimas del pecado. Edit.Trotta)<\/em><\/p>\n<p style=\"text-align: justify;\">Hoy d\u00eda, con la democracia, nuestros llamados <em>representantes<\/em> acuden a la promulgaci\u00f3n de leyes, que cambian como y cuando les conviene para obligarnos a obedecer. As\u00ed se legaliza la injusticia. De un d\u00eda para otro han cambiado hasta\u00a0La Constituci\u00f3n. Cuando la ley les toca, hacen uso de la amnist\u00eda.\u00a0 As\u00ed lo ha hecho el PP para politicos propios y as\u00ed lo hizo el PSOE con banqueros.\u00a0\u00a0No hay cambio profundo sin desobediencia; pero esta debe practicarse en masa para que sea efectiva.\u00a0 As\u00ed que&#8230;\u00a0\u00a1ni\u00f1o, no te calles!<\/p>\n","protected":false},"excerpt":{"rendered":"<p>Me llama la atenci\u00f3n cuando hojeo LA ENCICLOPEDIA \u00c1LVAREZ \u00a0(texto escolar del franquismo en las escuelas de los a\u00f1os 50-60) de qu\u00e9 modo se destaca, con fines doctrinarios, la obediencia como la virtud m\u00e1s importante que debe\u00a0practicar el ni\u00f1o.Transcribo un &hellip; <a href=\"https:\/\/www.tallerparentesis.com\/desahuciados\/la-desobediencia\/\">Sigue leyendo <span class=\"meta-nav\">&rarr;<\/span><\/a><\/p>\n","protected":false},"author":50,"featured_media":0,"comment_status":"open","ping_status":"open","sticky":false,"template":"","format":"standard","meta":{"footnotes":""},"categories":[3],"tags":[],"yoast_head":"<!-- This site is optimized with the Yoast SEO plugin v22.3 - https:\/\/yoast.com\/wordpress\/plugins\/seo\/ -->\n<title>La desobediencia - Desahuciados<\/title>\n<meta name=\"robots\" content=\"index, follow, max-snippet:-1, max-image-preview:large, max-video-preview:-1\" \/>\n<link rel=\"canonical\" href=\"https:\/\/www.tallerparentesis.com\/desahuciados\/la-desobediencia\/\" \/>\n<meta property=\"og:locale\" content=\"es_ES\" \/>\n<meta property=\"og:type\" content=\"article\" \/>\n<meta property=\"og:title\" content=\"La desobediencia - Desahuciados\" \/>\n<meta property=\"og:description\" content=\"Me llama la atenci\u00f3n cuando hojeo LA ENCICLOPEDIA \u00c1LVAREZ \u00a0(texto escolar del franquismo en las escuelas de los a\u00f1os 50-60) de qu\u00e9 modo se destaca, con fines doctrinarios, la obediencia como la virtud m\u00e1s importante que debe\u00a0practicar el ni\u00f1o.Transcribo un &hellip; Sigue leyendo &rarr;\" \/>\n<meta property=\"og:url\" content=\"https:\/\/www.tallerparentesis.com\/desahuciados\/la-desobediencia\/\" \/>\n<meta property=\"og:site_name\" content=\"Desahuciados\" \/>\n<meta property=\"article:publisher\" content=\"https:\/\/es-es.facebook.com\/tallerparentesismalaga\" \/>\n<meta property=\"article:published_time\" content=\"2012-12-14T00:10:36+00:00\" \/>\n<meta property=\"article:modified_time\" content=\"2013-01-07T20:37:03+00:00\" \/>\n<meta property=\"og:image\" content=\"\/\/www.tallerparentesis.com\/desahuciados\/files\/2012\/12\/Enciclopedia-Alvarez.jpg\" \/>\n<meta name=\"author\" content=\"Antonio\" \/>\n<meta name=\"twitter:card\" content=\"summary_large_image\" \/>\n<meta name=\"twitter:creator\" content=\"@tallerparentsis\" \/>\n<meta name=\"twitter:site\" content=\"@tallerparentsis\" \/>\n<meta name=\"twitter:label1\" content=\"Escrito por\" \/>\n\t<meta name=\"twitter:data1\" content=\"Antonio\" \/>\n\t<meta name=\"twitter:label2\" content=\"Tiempo de lectura\" \/>\n\t<meta name=\"twitter:data2\" content=\"1 minuto\" \/>\n<script type=\"application\/ld+json\" class=\"yoast-schema-graph\">{\"@context\":\"https:\/\/schema.org\",\"@graph\":[{\"@type\":\"WebPage\",\"@id\":\"https:\/\/www.tallerparentesis.com\/desahuciados\/la-desobediencia\/\",\"url\":\"https:\/\/www.tallerparentesis.com\/desahuciados\/la-desobediencia\/\",\"name\":\"La desobediencia - Desahuciados\",\"isPartOf\":{\"@id\":\"https:\/\/www.tallerparentesis.com\/desahuciados\/#website\"},\"datePublished\":\"2012-12-14T00:10:36+00:00\",\"dateModified\":\"2013-01-07T20:37:03+00:00\",\"author\":{\"@id\":\"https:\/\/www.tallerparentesis.com\/desahuciados\/#\/schema\/person\/cb24c59a4a6b40b08320263c03a3cd8c\"},\"breadcrumb\":{\"@id\":\"https:\/\/www.tallerparentesis.com\/desahuciados\/la-desobediencia\/#breadcrumb\"},\"inLanguage\":\"es\",\"potentialAction\":[{\"@type\":\"ReadAction\",\"target\":[\"https:\/\/www.tallerparentesis.com\/desahuciados\/la-desobediencia\/\"]}]},{\"@type\":\"BreadcrumbList\",\"@id\":\"https:\/\/www.tallerparentesis.com\/desahuciados\/la-desobediencia\/#breadcrumb\",\"itemListElement\":[{\"@type\":\"ListItem\",\"position\":1,\"name\":\"Portada\",\"item\":\"https:\/\/www.tallerparentesis.com\/desahuciados\/\"},{\"@type\":\"ListItem\",\"position\":2,\"name\":\"La desobediencia\"}]},{\"@type\":\"WebSite\",\"@id\":\"https:\/\/www.tallerparentesis.com\/desahuciados\/#website\",\"url\":\"https:\/\/www.tallerparentesis.com\/desahuciados\/\",\"name\":\"Desahuciados\",\"description\":\"Relatos de la Crisis\",\"potentialAction\":[{\"@type\":\"SearchAction\",\"target\":{\"@type\":\"EntryPoint\",\"urlTemplate\":\"https:\/\/www.tallerparentesis.com\/desahuciados\/?s={search_term_string}\"},\"query-input\":\"required name=search_term_string\"}],\"inLanguage\":\"es\"},{\"@type\":\"Person\",\"@id\":\"https:\/\/www.tallerparentesis.com\/desahuciados\/#\/schema\/person\/cb24c59a4a6b40b08320263c03a3cd8c\",\"name\":\"Antonio\",\"image\":{\"@type\":\"ImageObject\",\"inLanguage\":\"es\",\"@id\":\"https:\/\/www.tallerparentesis.com\/desahuciados\/#\/schema\/person\/image\/\",\"url\":\"https:\/\/secure.gravatar.com\/avatar\/fb092ae29c8560250cc4ea2aaaf07d93?s=96&d=mm&r=g\",\"contentUrl\":\"https:\/\/secure.gravatar.com\/avatar\/fb092ae29c8560250cc4ea2aaaf07d93?s=96&d=mm&r=g\",\"caption\":\"Antonio\"},\"url\":\"https:\/\/www.tallerparentesis.com\/desahuciados\/author\/antonio\/\"}]}<\/script>\n<!-- \/ Yoast SEO plugin. -->","yoast_head_json":{"title":"La desobediencia - Desahuciados","robots":{"index":"index","follow":"follow","max-snippet":"max-snippet:-1","max-image-preview":"max-image-preview:large","max-video-preview":"max-video-preview:-1"},"canonical":"https:\/\/www.tallerparentesis.com\/desahuciados\/la-desobediencia\/","og_locale":"es_ES","og_type":"article","og_title":"La desobediencia - Desahuciados","og_description":"Me llama la atenci\u00f3n cuando hojeo LA ENCICLOPEDIA \u00c1LVAREZ \u00a0(texto escolar del franquismo en las escuelas de los a\u00f1os 50-60) de qu\u00e9 modo se destaca, con fines doctrinarios, la obediencia como la virtud m\u00e1s importante que debe\u00a0practicar el ni\u00f1o.Transcribo un &hellip; Sigue leyendo &rarr;","og_url":"https:\/\/www.tallerparentesis.com\/desahuciados\/la-desobediencia\/","og_site_name":"Desahuciados","article_publisher":"https:\/\/es-es.facebook.com\/tallerparentesismalaga","article_published_time":"2012-12-14T00:10:36+00:00","article_modified_time":"2013-01-07T20:37:03+00:00","og_image":[{"url":"\/\/www.tallerparentesis.com\/desahuciados\/files\/2012\/12\/Enciclopedia-Alvarez.jpg"}],"author":"Antonio","twitter_card":"summary_large_image","twitter_creator":"@tallerparentsis","twitter_site":"@tallerparentsis","twitter_misc":{"Escrito por":"Antonio","Tiempo de lectura":"1 minuto"},"schema":{"@context":"https:\/\/schema.org","@graph":[{"@type":"WebPage","@id":"https:\/\/www.tallerparentesis.com\/desahuciados\/la-desobediencia\/","url":"https:\/\/www.tallerparentesis.com\/desahuciados\/la-desobediencia\/","name":"La desobediencia - Desahuciados","isPartOf":{"@id":"https:\/\/www.tallerparentesis.com\/desahuciados\/#website"},"datePublished":"2012-12-14T00:10:36+00:00","dateModified":"2013-01-07T20:37:03+00:00","author":{"@id":"https:\/\/www.tallerparentesis.com\/desahuciados\/#\/schema\/person\/cb24c59a4a6b40b08320263c03a3cd8c"},"breadcrumb":{"@id":"https:\/\/www.tallerparentesis.com\/desahuciados\/la-desobediencia\/#breadcrumb"},"inLanguage":"es","potentialAction":[{"@type":"ReadAction","target":["https:\/\/www.tallerparentesis.com\/desahuciados\/la-desobediencia\/"]}]},{"@type":"BreadcrumbList","@id":"https:\/\/www.tallerparentesis.com\/desahuciados\/la-desobediencia\/#breadcrumb","itemListElement":[{"@type":"ListItem","position":1,"name":"Portada","item":"https:\/\/www.tallerparentesis.com\/desahuciados\/"},{"@type":"ListItem","position":2,"name":"La desobediencia"}]},{"@type":"WebSite","@id":"https:\/\/www.tallerparentesis.com\/desahuciados\/#website","url":"https:\/\/www.tallerparentesis.com\/desahuciados\/","name":"Desahuciados","description":"Relatos de la Crisis","potentialAction":[{"@type":"SearchAction","target":{"@type":"EntryPoint","urlTemplate":"https:\/\/www.tallerparentesis.com\/desahuciados\/?s={search_term_string}"},"query-input":"required name=search_term_string"}],"inLanguage":"es"},{"@type":"Person","@id":"https:\/\/www.tallerparentesis.com\/desahuciados\/#\/schema\/person\/cb24c59a4a6b40b08320263c03a3cd8c","name":"Antonio","image":{"@type":"ImageObject","inLanguage":"es","@id":"https:\/\/www.tallerparentesis.com\/desahuciados\/#\/schema\/person\/image\/","url":"https:\/\/secure.gravatar.com\/avatar\/fb092ae29c8560250cc4ea2aaaf07d93?s=96&d=mm&r=g","contentUrl":"https:\/\/secure.gravatar.com\/avatar\/fb092ae29c8560250cc4ea2aaaf07d93?s=96&d=mm&r=g","caption":"Antonio"},"url":"https:\/\/www.tallerparentesis.com\/desahuciados\/author\/antonio\/"}]}},"_links":{"self":[{"href":"https:\/\/www.tallerparentesis.com\/desahuciados\/wp-json\/wp\/v2\/posts\/107"}],"collection":[{"href":"https:\/\/www.tallerparentesis.com\/desahuciados\/wp-json\/wp\/v2\/posts"}],"about":[{"href":"https:\/\/www.tallerparentesis.com\/desahuciados\/wp-json\/wp\/v2\/types\/post"}],"author":[{"embeddable":true,"href":"https:\/\/www.tallerparentesis.com\/desahuciados\/wp-json\/wp\/v2\/users\/50"}],"replies":[{"embeddable":true,"href":"https:\/\/www.tallerparentesis.com\/desahuciados\/wp-json\/wp\/v2\/comments?post=107"}],"version-history":[{"count":17,"href":"https:\/\/www.tallerparentesis.com\/desahuciados\/wp-json\/wp\/v2\/posts\/107\/revisions"}],"predecessor-version":[{"id":441,"href":"https:\/\/www.tallerparentesis.com\/desahuciados\/wp-json\/wp\/v2\/posts\/107\/revisions\/441"}],"wp:attachment":[{"href":"https:\/\/www.tallerparentesis.com\/desahuciados\/wp-json\/wp\/v2\/media?parent=107"}],"wp:term":[{"taxonomy":"category","embeddable":true,"href":"https:\/\/www.tallerparentesis.com\/desahuciados\/wp-json\/wp\/v2\/categories?post=107"},{"taxonomy":"post_tag","embeddable":true,"href":"https:\/\/www.tallerparentesis.com\/desahuciados\/wp-json\/wp\/v2\/tags?post=107"}],"curies":[{"name":"wp","href":"https:\/\/api.w.org\/{rel}","templated":true}]}}