{"id":1111,"date":"2013-05-21T18:19:22","date_gmt":"2013-05-21T17:19:22","guid":{"rendered":"https:\/\/www.tallerparentesis.com\/desahuciados\/?p=1111"},"modified":"2019-01-09T09:26:51","modified_gmt":"2019-01-09T08:26:51","slug":"presentacion-del-libro-en-malaga","status":"publish","type":"post","link":"https:\/\/www.tallerparentesis.com\/desahuciados\/presentacion-del-libro-en-malaga\/","title":{"rendered":"Presentaci\u00f3n del libro en M\u00e1laga"},"content":{"rendered":"<p>Lugar: <strong>Centro Andaluz de las Letras<\/strong> (C\/\u00c1lamos. M\u00e1laga)<\/p>\n<p>Fecha: <strong>Viernes 24 de mayo de 2013, a las 19:00<\/strong><\/p>\n<p>Presenta: <strong>Guillermo Busutil<\/strong><\/p>\n<p>Intervienen: <strong>Rafa Caumel<\/strong> (Par\u00e9ntesis) y <strong>Jos\u00e9 Antonio L\u00f3pez<\/strong> (editor de Traspi\u00e9s)<\/p>\n<p style=\"text-align: center;\"><a title=\"Presentaci\u00f3n de Desahuciados en el CAL\" href=\"\/\/www.tallerparentesis.com\/wp-content\/uploads\/2013\/05\/CAL-InvitaPresentacion1.jpg\" target=\"_blank\"><img loading=\"lazy\" decoding=\"async\" class=\"aligncenter size-full wp-image-4316\" alt=\"Invitaci\u00f3n Desahuciados en el CAL\" src=\"\/\/www.tallerparentesis.com\/wp-content\/uploads\/2013\/05\/MA.-AUTORES-VARIOS.-TALLER-PAR\u00c9NTESIS.INV_.jpg\" width=\"448\" height=\"317\" \/><\/a><\/p>\n<p style=\"text-align: justify;\">Con humor, iron\u00eda y cruel lucidez, los relatos de <em>Desahuciados<\/em> nos\u00a0invitan a adentrarnos en una narrativa que nos ofrece una emocionante visi\u00f3n caleidosc\u00f3pica de la actualidad a la vez que reconoce la urgente necesidad de tomar partido.<\/p>\n<p style=\"text-align: justify;\">La inauguraci\u00f3n de este libro contar\u00e1 con un presentador inmejorable: Busutil, adem\u00e1s de ser un cuentista de fuste, est\u00e1 escribiendo algunas de las columnas period\u00edsticas m\u00e1s potentes en contra de la situaci\u00f3n actual.<\/p>\n<p style=\"text-align: justify;\">\u00a1Os esperamos!<\/p>\n<p style=\"text-align: center;\"><img loading=\"lazy\" decoding=\"async\" class=\"aligncenter size-full wp-image-4326\" alt=\"Portada-Desahuciados\" src=\"\/\/www.tallerparentesis.com\/wp-content\/uploads\/2013\/05\/Portada-Desahuciados.png\" width=\"290\" height=\"400\" \/><\/p>\n","protected":false},"excerpt":{"rendered":"<p>Lugar: Centro Andaluz de las Letras (C\/\u00c1lamos. M\u00e1laga) Fecha: Viernes 24 de mayo de 2013, a las 19:00 Presenta: Guillermo Busutil Intervienen: Rafa Caumel (Par\u00e9ntesis) y Jos\u00e9 Antonio L\u00f3pez (editor de Traspi\u00e9s) Con humor, iron\u00eda y cruel lucidez, los relatos &hellip; <a href=\"https:\/\/www.tallerparentesis.com\/desahuciados\/presentacion-del-libro-en-malaga\/\">Sigue leyendo <span class=\"meta-nav\">&rarr;<\/span><\/a><\/p>\n","protected":false},"author":3,"featured_media":0,"comment_status":"open","ping_status":"open","sticky":false,"template":"","format":"standard","meta":{"footnotes":""},"categories":[10],"tags":[],"yoast_head":"<!-- This site is optimized with the Yoast SEO plugin v22.3 - https:\/\/yoast.com\/wordpress\/plugins\/seo\/ -->\n<title>Presentaci\u00f3n del libro en M\u00e1laga - Desahuciados<\/title>\n<meta name=\"robots\" content=\"index, follow, max-snippet:-1, max-image-preview:large, max-video-preview:-1\" \/>\n<link rel=\"canonical\" href=\"https:\/\/www.tallerparentesis.com\/desahuciados\/presentacion-del-libro-en-malaga\/\" \/>\n<meta property=\"og:locale\" content=\"es_ES\" \/>\n<meta property=\"og:type\" content=\"article\" \/>\n<meta property=\"og:title\" content=\"Presentaci\u00f3n del libro en M\u00e1laga - Desahuciados\" \/>\n<meta property=\"og:description\" content=\"Lugar: Centro Andaluz de las Letras (C\/\u00c1lamos. M\u00e1laga) Fecha: Viernes 24 de mayo de 2013, a las 19:00 Presenta: Guillermo Busutil Intervienen: Rafa Caumel (Par\u00e9ntesis) y Jos\u00e9 Antonio L\u00f3pez (editor de Traspi\u00e9s) Con humor, iron\u00eda y cruel lucidez, los relatos &hellip; Sigue leyendo &rarr;\" \/>\n<meta property=\"og:url\" content=\"https:\/\/www.tallerparentesis.com\/desahuciados\/presentacion-del-libro-en-malaga\/\" \/>\n<meta property=\"og:site_name\" content=\"Desahuciados\" \/>\n<meta property=\"article:publisher\" content=\"https:\/\/es-es.facebook.com\/tallerparentesismalaga\" \/>\n<meta property=\"article:author\" content=\"https:\/\/www.facebook.com\/rafael.caumel\" \/>\n<meta property=\"article:published_time\" content=\"2013-05-21T17:19:22+00:00\" \/>\n<meta property=\"article:modified_time\" content=\"2019-01-09T08:26:51+00:00\" \/>\n<meta property=\"og:image\" content=\"\/\/www.tallerparentesis.com\/wp-content\/uploads\/2013\/05\/MA.-AUTORES-VARIOS.-TALLER-PAR\u00c9NTESIS.INV_.jpg\" \/>\n<meta name=\"author\" content=\"Rafa Caumel\" \/>\n<meta name=\"twitter:card\" content=\"summary_large_image\" \/>\n<meta name=\"twitter:creator\" content=\"@RafaCaumel\" \/>\n<meta name=\"twitter:site\" content=\"@tallerparentsis\" \/>\n<meta name=\"twitter:label1\" content=\"Escrito por\" \/>\n\t<meta name=\"twitter:data1\" content=\"Rafa Caumel\" \/>\n\t<meta name=\"twitter:label2\" content=\"Tiempo de lectura\" \/>\n\t<meta name=\"twitter:data2\" content=\"1 minuto\" \/>\n<script type=\"application\/ld+json\" class=\"yoast-schema-graph\">{\"@context\":\"https:\/\/schema.org\",\"@graph\":[{\"@type\":\"WebPage\",\"@id\":\"https:\/\/www.tallerparentesis.com\/desahuciados\/presentacion-del-libro-en-malaga\/\",\"url\":\"https:\/\/www.tallerparentesis.com\/desahuciados\/presentacion-del-libro-en-malaga\/\",\"name\":\"Presentaci\u00f3n del libro en M\u00e1laga - Desahuciados\",\"isPartOf\":{\"@id\":\"https:\/\/www.tallerparentesis.com\/desahuciados\/#website\"},\"datePublished\":\"2013-05-21T17:19:22+00:00\",\"dateModified\":\"2019-01-09T08:26:51+00:00\",\"author\":{\"@id\":\"https:\/\/www.tallerparentesis.com\/desahuciados\/#\/schema\/person\/f52cf9a129615314de650025d46aaac9\"},\"breadcrumb\":{\"@id\":\"https:\/\/www.tallerparentesis.com\/desahuciados\/presentacion-del-libro-en-malaga\/#breadcrumb\"},\"inLanguage\":\"es\",\"potentialAction\":[{\"@type\":\"ReadAction\",\"target\":[\"https:\/\/www.tallerparentesis.com\/desahuciados\/presentacion-del-libro-en-malaga\/\"]}]},{\"@type\":\"BreadcrumbList\",\"@id\":\"https:\/\/www.tallerparentesis.com\/desahuciados\/presentacion-del-libro-en-malaga\/#breadcrumb\",\"itemListElement\":[{\"@type\":\"ListItem\",\"position\":1,\"name\":\"Portada\",\"item\":\"https:\/\/www.tallerparentesis.com\/desahuciados\/\"},{\"@type\":\"ListItem\",\"position\":2,\"name\":\"Presentaci\u00f3n del libro en M\u00e1laga\"}]},{\"@type\":\"WebSite\",\"@id\":\"https:\/\/www.tallerparentesis.com\/desahuciados\/#website\",\"url\":\"https:\/\/www.tallerparentesis.com\/desahuciados\/\",\"name\":\"Desahuciados\",\"description\":\"Relatos de la Crisis\",\"potentialAction\":[{\"@type\":\"SearchAction\",\"target\":{\"@type\":\"EntryPoint\",\"urlTemplate\":\"https:\/\/www.tallerparentesis.com\/desahuciados\/?s={search_term_string}\"},\"query-input\":\"required name=search_term_string\"}],\"inLanguage\":\"es\"},{\"@type\":\"Person\",\"@id\":\"https:\/\/www.tallerparentesis.com\/desahuciados\/#\/schema\/person\/f52cf9a129615314de650025d46aaac9\",\"name\":\"Rafa Caumel\",\"image\":{\"@type\":\"ImageObject\",\"inLanguage\":\"es\",\"@id\":\"https:\/\/www.tallerparentesis.com\/desahuciados\/#\/schema\/person\/image\/\",\"url\":\"https:\/\/secure.gravatar.com\/avatar\/e2f7dcb38e6c2a0b458cf2d7108871fd?s=96&d=mm&r=g\",\"contentUrl\":\"https:\/\/secure.gravatar.com\/avatar\/e2f7dcb38e6c2a0b458cf2d7108871fd?s=96&d=mm&r=g\",\"caption\":\"Rafa Caumel\"},\"description\":\"Director de Par\u00e9ntesis y de la editorial At\u00f3nitos. Fund\u00f3 y dirigi\u00f3 el peri\u00f3dico literario Par\u00e9ntesis y la revista FahrenheitXXI. Es ingeniero y escritor.\",\"sameAs\":[\"https:\/\/www.tallerparentesis.com\/taller-de-escritura-creativa-de-malaga\/profesor-escritura-malaga\/\",\"https:\/\/www.facebook.com\/rafael.caumel\",\"https:\/\/twitter.com\/RafaCaumel\"],\"url\":\"https:\/\/www.tallerparentesis.com\/desahuciados\/author\/rafael\/\"}]}<\/script>\n<!-- \/ Yoast SEO plugin. -->","yoast_head_json":{"title":"Presentaci\u00f3n del libro en M\u00e1laga - Desahuciados","robots":{"index":"index","follow":"follow","max-snippet":"max-snippet:-1","max-image-preview":"max-image-preview:large","max-video-preview":"max-video-preview:-1"},"canonical":"https:\/\/www.tallerparentesis.com\/desahuciados\/presentacion-del-libro-en-malaga\/","og_locale":"es_ES","og_type":"article","og_title":"Presentaci\u00f3n del libro en M\u00e1laga - Desahuciados","og_description":"Lugar: Centro Andaluz de las Letras (C\/\u00c1lamos. M\u00e1laga) Fecha: Viernes 24 de mayo de 2013, a las 19:00 Presenta: Guillermo Busutil Intervienen: Rafa Caumel (Par\u00e9ntesis) y Jos\u00e9 Antonio L\u00f3pez (editor de Traspi\u00e9s) Con humor, iron\u00eda y cruel lucidez, los relatos &hellip; Sigue leyendo &rarr;","og_url":"https:\/\/www.tallerparentesis.com\/desahuciados\/presentacion-del-libro-en-malaga\/","og_site_name":"Desahuciados","article_publisher":"https:\/\/es-es.facebook.com\/tallerparentesismalaga","article_author":"https:\/\/www.facebook.com\/rafael.caumel","article_published_time":"2013-05-21T17:19:22+00:00","article_modified_time":"2019-01-09T08:26:51+00:00","og_image":[{"url":"\/\/www.tallerparentesis.com\/wp-content\/uploads\/2013\/05\/MA.-AUTORES-VARIOS.-TALLER-PAR\u00c9NTESIS.INV_.jpg"}],"author":"Rafa Caumel","twitter_card":"summary_large_image","twitter_creator":"@RafaCaumel","twitter_site":"@tallerparentsis","twitter_misc":{"Escrito por":"Rafa Caumel","Tiempo de lectura":"1 minuto"},"schema":{"@context":"https:\/\/schema.org","@graph":[{"@type":"WebPage","@id":"https:\/\/www.tallerparentesis.com\/desahuciados\/presentacion-del-libro-en-malaga\/","url":"https:\/\/www.tallerparentesis.com\/desahuciados\/presentacion-del-libro-en-malaga\/","name":"Presentaci\u00f3n del libro en M\u00e1laga - Desahuciados","isPartOf":{"@id":"https:\/\/www.tallerparentesis.com\/desahuciados\/#website"},"datePublished":"2013-05-21T17:19:22+00:00","dateModified":"2019-01-09T08:26:51+00:00","author":{"@id":"https:\/\/www.tallerparentesis.com\/desahuciados\/#\/schema\/person\/f52cf9a129615314de650025d46aaac9"},"breadcrumb":{"@id":"https:\/\/www.tallerparentesis.com\/desahuciados\/presentacion-del-libro-en-malaga\/#breadcrumb"},"inLanguage":"es","potentialAction":[{"@type":"ReadAction","target":["https:\/\/www.tallerparentesis.com\/desahuciados\/presentacion-del-libro-en-malaga\/"]}]},{"@type":"BreadcrumbList","@id":"https:\/\/www.tallerparentesis.com\/desahuciados\/presentacion-del-libro-en-malaga\/#breadcrumb","itemListElement":[{"@type":"ListItem","position":1,"name":"Portada","item":"https:\/\/www.tallerparentesis.com\/desahuciados\/"},{"@type":"ListItem","position":2,"name":"Presentaci\u00f3n del libro en M\u00e1laga"}]},{"@type":"WebSite","@id":"https:\/\/www.tallerparentesis.com\/desahuciados\/#website","url":"https:\/\/www.tallerparentesis.com\/desahuciados\/","name":"Desahuciados","description":"Relatos de la Crisis","potentialAction":[{"@type":"SearchAction","target":{"@type":"EntryPoint","urlTemplate":"https:\/\/www.tallerparentesis.com\/desahuciados\/?s={search_term_string}"},"query-input":"required name=search_term_string"}],"inLanguage":"es"},{"@type":"Person","@id":"https:\/\/www.tallerparentesis.com\/desahuciados\/#\/schema\/person\/f52cf9a129615314de650025d46aaac9","name":"Rafa Caumel","image":{"@type":"ImageObject","inLanguage":"es","@id":"https:\/\/www.tallerparentesis.com\/desahuciados\/#\/schema\/person\/image\/","url":"https:\/\/secure.gravatar.com\/avatar\/e2f7dcb38e6c2a0b458cf2d7108871fd?s=96&d=mm&r=g","contentUrl":"https:\/\/secure.gravatar.com\/avatar\/e2f7dcb38e6c2a0b458cf2d7108871fd?s=96&d=mm&r=g","caption":"Rafa Caumel"},"description":"Director de Par\u00e9ntesis y de la editorial At\u00f3nitos. Fund\u00f3 y dirigi\u00f3 el peri\u00f3dico literario Par\u00e9ntesis y la revista FahrenheitXXI. Es ingeniero y escritor.","sameAs":["https:\/\/www.tallerparentesis.com\/taller-de-escritura-creativa-de-malaga\/profesor-escritura-malaga\/","https:\/\/www.facebook.com\/rafael.caumel","https:\/\/twitter.com\/RafaCaumel"],"url":"https:\/\/www.tallerparentesis.com\/desahuciados\/author\/rafael\/"}]}},"_links":{"self":[{"href":"https:\/\/www.tallerparentesis.com\/desahuciados\/wp-json\/wp\/v2\/posts\/1111"}],"collection":[{"href":"https:\/\/www.tallerparentesis.com\/desahuciados\/wp-json\/wp\/v2\/posts"}],"about":[{"href":"https:\/\/www.tallerparentesis.com\/desahuciados\/wp-json\/wp\/v2\/types\/post"}],"author":[{"embeddable":true,"href":"https:\/\/www.tallerparentesis.com\/desahuciados\/wp-json\/wp\/v2\/users\/3"}],"replies":[{"embeddable":true,"href":"https:\/\/www.tallerparentesis.com\/desahuciados\/wp-json\/wp\/v2\/comments?post=1111"}],"version-history":[{"count":10,"href":"https:\/\/www.tallerparentesis.com\/desahuciados\/wp-json\/wp\/v2\/posts\/1111\/revisions"}],"predecessor-version":[{"id":1132,"href":"https:\/\/www.tallerparentesis.com\/desahuciados\/wp-json\/wp\/v2\/posts\/1111\/revisions\/1132"}],"wp:attachment":[{"href":"https:\/\/www.tallerparentesis.com\/desahuciados\/wp-json\/wp\/v2\/media?parent=1111"}],"wp:term":[{"taxonomy":"category","embeddable":true,"href":"https:\/\/www.tallerparentesis.com\/desahuciados\/wp-json\/wp\/v2\/categories?post=1111"},{"taxonomy":"post_tag","embeddable":true,"href":"https:\/\/www.tallerparentesis.com\/desahuciados\/wp-json\/wp\/v2\/tags?post=1111"}],"curies":[{"name":"wp","href":"https:\/\/api.w.org\/{rel}","templated":true}]}}