{"id":1200,"date":"2013-06-27T11:37:55","date_gmt":"2013-06-27T10:37:55","guid":{"rendered":"https:\/\/www.tallerparentesis.com\/desahuciados\/?p=1200"},"modified":"2016-02-08T22:41:27","modified_gmt":"2016-02-08T21:41:27","slug":"podria-ser-peor","status":"publish","type":"post","link":"https:\/\/www.tallerparentesis.com\/desahuciados\/podria-ser-peor\/","title":{"rendered":"Podr\u00eda ser peor"},"content":{"rendered":"<p>de <a title=\"blog de Manuel Montesinos\" href=\"http:\/\/montesinadas.blogspot.com.es\/\" target=\"_blank\" rel=\"nofollow\">Manuel Montesinos<\/a><br \/>\nFinalista del mes de marzo 2012, \u00abRelatos en cadena\u00bb de la SER.<\/p>\n<p style=\"text-align: justify\">\u2015Que se arrime un poco m\u00e1s al borde de la cama, joder. As\u00ed no hay quien duerma.<br \/>\n\u2015Ni hablar, para moverse tendr\u00eda que quitarse antes el pie de Elena de la cara.<br \/>\n\u2015A m\u00ed que no me toque nadie. Si me roz\u00e1is, acabar\u00e9 con medio cuerpo sobre Esteban que con lo ligero que tiene el sue\u00f1o y su mal car\u00e1cter, nos har\u00e1 pasar una noche de perros si lo despertamos.<br \/>\n\u2015Os estoy oyendo, ni os mov\u00e1is, nos ha costado mucho coger la postura.<br \/>\n\u2015Al final me desvel\u00e1is al beb\u00e9.<br \/>\n\u2015\u00bfDe verdad que ma\u00f1ana vienen m\u00e1s?<br \/>\n\u2015S\u00ed, pero el casero ha dicho que intentar\u00e1 poner otro colch\u00f3n.<\/p>\n","protected":false},"excerpt":{"rendered":"<p>de Manuel Montesinos Finalista del mes de marzo 2012, \u00abRelatos en cadena\u00bb de la SER. \u2015Que se arrime un poco m\u00e1s al borde de la cama, joder. As\u00ed no hay quien duerma. \u2015Ni hablar, para moverse tendr\u00eda que quitarse antes &hellip; <a href=\"https:\/\/www.tallerparentesis.com\/desahuciados\/podria-ser-peor\/\">Sigue leyendo <span class=\"meta-nav\">&rarr;<\/span><\/a><\/p>\n","protected":false},"author":127,"featured_media":0,"comment_status":"open","ping_status":"open","sticky":false,"template":"","format":"standard","meta":{"footnotes":""},"categories":[5],"tags":[],"yoast_head":"<!-- This site is optimized with the Yoast SEO plugin v22.3 - https:\/\/yoast.com\/wordpress\/plugins\/seo\/ -->\n<title>Podr\u00eda ser peor - Desahuciados<\/title>\n<meta name=\"robots\" content=\"index, nofollow, max-snippet:-1, max-image-preview:large, max-video-preview:-1\" \/>\n<link rel=\"canonical\" href=\"https:\/\/www.tallerparentesis.com\/desahuciados\/podria-ser-peor\/\" \/>\n<meta property=\"og:locale\" content=\"es_ES\" \/>\n<meta property=\"og:type\" content=\"article\" \/>\n<meta property=\"og:title\" content=\"Podr\u00eda ser peor - Desahuciados\" \/>\n<meta property=\"og:description\" content=\"de Manuel Montesinos Finalista del mes de marzo 2012, \u00abRelatos en cadena\u00bb de la SER. \u2015Que se arrime un poco m\u00e1s al borde de la cama, joder. As\u00ed no hay quien duerma. \u2015Ni hablar, para moverse tendr\u00eda que quitarse antes &hellip; Sigue leyendo &rarr;\" \/>\n<meta property=\"og:url\" content=\"https:\/\/www.tallerparentesis.com\/desahuciados\/podria-ser-peor\/\" \/>\n<meta property=\"og:site_name\" content=\"Desahuciados\" \/>\n<meta property=\"article:publisher\" content=\"https:\/\/es-es.facebook.com\/tallerparentesismalaga\" \/>\n<meta property=\"article:published_time\" content=\"2013-06-27T10:37:55+00:00\" \/>\n<meta property=\"article:modified_time\" content=\"2016-02-08T21:41:27+00:00\" \/>\n<meta name=\"author\" content=\"Desahuciados\" \/>\n<meta name=\"twitter:card\" content=\"summary_large_image\" \/>\n<meta name=\"twitter:creator\" content=\"@tallerparentsis\" \/>\n<meta name=\"twitter:site\" content=\"@tallerparentsis\" \/>\n<meta name=\"twitter:label1\" content=\"Escrito por\" \/>\n\t<meta name=\"twitter:data1\" content=\"Desahuciados\" \/>\n\t<meta name=\"twitter:label2\" content=\"Tiempo de lectura\" \/>\n\t<meta name=\"twitter:data2\" content=\"1 minuto\" \/>\n<script type=\"application\/ld+json\" class=\"yoast-schema-graph\">{\"@context\":\"https:\/\/schema.org\",\"@graph\":[{\"@type\":\"WebPage\",\"@id\":\"https:\/\/www.tallerparentesis.com\/desahuciados\/podria-ser-peor\/\",\"url\":\"https:\/\/www.tallerparentesis.com\/desahuciados\/podria-ser-peor\/\",\"name\":\"Podr\u00eda ser peor - Desahuciados\",\"isPartOf\":{\"@id\":\"https:\/\/www.tallerparentesis.com\/desahuciados\/#website\"},\"datePublished\":\"2013-06-27T10:37:55+00:00\",\"dateModified\":\"2016-02-08T21:41:27+00:00\",\"author\":{\"@id\":\"https:\/\/www.tallerparentesis.com\/desahuciados\/#\/schema\/person\/833505b05c9e90ce0c7373288754d9ac\"},\"breadcrumb\":{\"@id\":\"https:\/\/www.tallerparentesis.com\/desahuciados\/podria-ser-peor\/#breadcrumb\"},\"inLanguage\":\"es\",\"potentialAction\":[{\"@type\":\"ReadAction\",\"target\":[\"https:\/\/www.tallerparentesis.com\/desahuciados\/podria-ser-peor\/\"]}]},{\"@type\":\"BreadcrumbList\",\"@id\":\"https:\/\/www.tallerparentesis.com\/desahuciados\/podria-ser-peor\/#breadcrumb\",\"itemListElement\":[{\"@type\":\"ListItem\",\"position\":1,\"name\":\"Portada\",\"item\":\"https:\/\/www.tallerparentesis.com\/desahuciados\/\"},{\"@type\":\"ListItem\",\"position\":2,\"name\":\"Podr\u00eda ser peor\"}]},{\"@type\":\"WebSite\",\"@id\":\"https:\/\/www.tallerparentesis.com\/desahuciados\/#website\",\"url\":\"https:\/\/www.tallerparentesis.com\/desahuciados\/\",\"name\":\"Desahuciados\",\"description\":\"Relatos de la Crisis\",\"potentialAction\":[{\"@type\":\"SearchAction\",\"target\":{\"@type\":\"EntryPoint\",\"urlTemplate\":\"https:\/\/www.tallerparentesis.com\/desahuciados\/?s={search_term_string}\"},\"query-input\":\"required name=search_term_string\"}],\"inLanguage\":\"es\"},{\"@type\":\"Person\",\"@id\":\"https:\/\/www.tallerparentesis.com\/desahuciados\/#\/schema\/person\/833505b05c9e90ce0c7373288754d9ac\",\"name\":\"Desahuciados\",\"image\":{\"@type\":\"ImageObject\",\"inLanguage\":\"es\",\"@id\":\"https:\/\/www.tallerparentesis.com\/desahuciados\/#\/schema\/person\/image\/\",\"url\":\"https:\/\/secure.gravatar.com\/avatar\/db593f6c2c9c8141e6db0af88328f30a?s=96&d=mm&r=g\",\"contentUrl\":\"https:\/\/secure.gravatar.com\/avatar\/db593f6c2c9c8141e6db0af88328f30a?s=96&d=mm&r=g\",\"caption\":\"Desahuciados\"},\"url\":\"https:\/\/www.tallerparentesis.com\/desahuciados\/author\/desahuciados\/\"}]}<\/script>\n<!-- \/ Yoast SEO plugin. -->","yoast_head_json":{"title":"Podr\u00eda ser peor - Desahuciados","robots":{"index":"index","follow":"nofollow","max-snippet":"max-snippet:-1","max-image-preview":"max-image-preview:large","max-video-preview":"max-video-preview:-1"},"canonical":"https:\/\/www.tallerparentesis.com\/desahuciados\/podria-ser-peor\/","og_locale":"es_ES","og_type":"article","og_title":"Podr\u00eda ser peor - Desahuciados","og_description":"de Manuel Montesinos Finalista del mes de marzo 2012, \u00abRelatos en cadena\u00bb de la SER. \u2015Que se arrime un poco m\u00e1s al borde de la cama, joder. As\u00ed no hay quien duerma. \u2015Ni hablar, para moverse tendr\u00eda que quitarse antes &hellip; Sigue leyendo &rarr;","og_url":"https:\/\/www.tallerparentesis.com\/desahuciados\/podria-ser-peor\/","og_site_name":"Desahuciados","article_publisher":"https:\/\/es-es.facebook.com\/tallerparentesismalaga","article_published_time":"2013-06-27T10:37:55+00:00","article_modified_time":"2016-02-08T21:41:27+00:00","author":"Desahuciados","twitter_card":"summary_large_image","twitter_creator":"@tallerparentsis","twitter_site":"@tallerparentsis","twitter_misc":{"Escrito por":"Desahuciados","Tiempo de lectura":"1 minuto"},"schema":{"@context":"https:\/\/schema.org","@graph":[{"@type":"WebPage","@id":"https:\/\/www.tallerparentesis.com\/desahuciados\/podria-ser-peor\/","url":"https:\/\/www.tallerparentesis.com\/desahuciados\/podria-ser-peor\/","name":"Podr\u00eda ser peor - Desahuciados","isPartOf":{"@id":"https:\/\/www.tallerparentesis.com\/desahuciados\/#website"},"datePublished":"2013-06-27T10:37:55+00:00","dateModified":"2016-02-08T21:41:27+00:00","author":{"@id":"https:\/\/www.tallerparentesis.com\/desahuciados\/#\/schema\/person\/833505b05c9e90ce0c7373288754d9ac"},"breadcrumb":{"@id":"https:\/\/www.tallerparentesis.com\/desahuciados\/podria-ser-peor\/#breadcrumb"},"inLanguage":"es","potentialAction":[{"@type":"ReadAction","target":["https:\/\/www.tallerparentesis.com\/desahuciados\/podria-ser-peor\/"]}]},{"@type":"BreadcrumbList","@id":"https:\/\/www.tallerparentesis.com\/desahuciados\/podria-ser-peor\/#breadcrumb","itemListElement":[{"@type":"ListItem","position":1,"name":"Portada","item":"https:\/\/www.tallerparentesis.com\/desahuciados\/"},{"@type":"ListItem","position":2,"name":"Podr\u00eda ser peor"}]},{"@type":"WebSite","@id":"https:\/\/www.tallerparentesis.com\/desahuciados\/#website","url":"https:\/\/www.tallerparentesis.com\/desahuciados\/","name":"Desahuciados","description":"Relatos de la Crisis","potentialAction":[{"@type":"SearchAction","target":{"@type":"EntryPoint","urlTemplate":"https:\/\/www.tallerparentesis.com\/desahuciados\/?s={search_term_string}"},"query-input":"required name=search_term_string"}],"inLanguage":"es"},{"@type":"Person","@id":"https:\/\/www.tallerparentesis.com\/desahuciados\/#\/schema\/person\/833505b05c9e90ce0c7373288754d9ac","name":"Desahuciados","image":{"@type":"ImageObject","inLanguage":"es","@id":"https:\/\/www.tallerparentesis.com\/desahuciados\/#\/schema\/person\/image\/","url":"https:\/\/secure.gravatar.com\/avatar\/db593f6c2c9c8141e6db0af88328f30a?s=96&d=mm&r=g","contentUrl":"https:\/\/secure.gravatar.com\/avatar\/db593f6c2c9c8141e6db0af88328f30a?s=96&d=mm&r=g","caption":"Desahuciados"},"url":"https:\/\/www.tallerparentesis.com\/desahuciados\/author\/desahuciados\/"}]}},"_links":{"self":[{"href":"https:\/\/www.tallerparentesis.com\/desahuciados\/wp-json\/wp\/v2\/posts\/1200"}],"collection":[{"href":"https:\/\/www.tallerparentesis.com\/desahuciados\/wp-json\/wp\/v2\/posts"}],"about":[{"href":"https:\/\/www.tallerparentesis.com\/desahuciados\/wp-json\/wp\/v2\/types\/post"}],"author":[{"embeddable":true,"href":"https:\/\/www.tallerparentesis.com\/desahuciados\/wp-json\/wp\/v2\/users\/127"}],"replies":[{"embeddable":true,"href":"https:\/\/www.tallerparentesis.com\/desahuciados\/wp-json\/wp\/v2\/comments?post=1200"}],"version-history":[{"count":1,"href":"https:\/\/www.tallerparentesis.com\/desahuciados\/wp-json\/wp\/v2\/posts\/1200\/revisions"}],"predecessor-version":[{"id":1201,"href":"https:\/\/www.tallerparentesis.com\/desahuciados\/wp-json\/wp\/v2\/posts\/1200\/revisions\/1201"}],"wp:attachment":[{"href":"https:\/\/www.tallerparentesis.com\/desahuciados\/wp-json\/wp\/v2\/media?parent=1200"}],"wp:term":[{"taxonomy":"category","embeddable":true,"href":"https:\/\/www.tallerparentesis.com\/desahuciados\/wp-json\/wp\/v2\/categories?post=1200"},{"taxonomy":"post_tag","embeddable":true,"href":"https:\/\/www.tallerparentesis.com\/desahuciados\/wp-json\/wp\/v2\/tags?post=1200"}],"curies":[{"name":"wp","href":"https:\/\/api.w.org\/{rel}","templated":true}]}}