{"id":133,"date":"2012-12-15T20:00:00","date_gmt":"2012-12-15T19:00:00","guid":{"rendered":"https:\/\/www.tallerparentesis.com\/desahuciados\/?p=133"},"modified":"2012-12-15T20:48:29","modified_gmt":"2012-12-15T19:48:29","slug":"se-colmo-su-vaso","status":"publish","type":"post","link":"https:\/\/www.tallerparentesis.com\/desahuciados\/se-colmo-su-vaso\/","title":{"rendered":"Se colm\u00f3 su vaso"},"content":{"rendered":"<p>La se\u00f1ora de 52 a\u00f1os que se suicid\u00f3 ayer ten\u00eda un grave problema. Seguramente empez\u00f3 cuando ning\u00fan servicio social la ayud\u00f3 en el cuidado de su madre anciana debido a la falta de presupuesto, por lo que tuvo que abandonar el trabajo para hacerlo ella misma. \u00bfCu\u00e1ntas personas hay en esta situaci\u00f3n?<\/p>\n<p>En Espa\u00f1a, el cuidado de nuestros ancianos sigue recayendo sobre las familias. Estamos todav\u00eda muy lejos de nuestros \u00abcompa\u00f1eros\u00bb europeos. A esta situaci\u00f3n se suman las depresiones que padecen quienes se ven desbordados por su falta de preparaci\u00f3n y la pena de ver a su progenitor en decrepitud.<\/p>\n<p>A pesar de esto, las familias suelen afrontar las dificultades con valent\u00eda, pero si encima llega una orden de embargo de la vivienda, el vaso se colma.<\/p>\n","protected":false},"excerpt":{"rendered":"<p>La se\u00f1ora de 52 a\u00f1os que se suicid\u00f3 ayer ten\u00eda un grave problema. Seguramente empez\u00f3 cuando ning\u00fan servicio social la ayud\u00f3 en el cuidado de su madre anciana debido a la falta de presupuesto, por lo que tuvo que abandonar &hellip; <a href=\"https:\/\/www.tallerparentesis.com\/desahuciados\/se-colmo-su-vaso\/\">Sigue leyendo <span class=\"meta-nav\">&rarr;<\/span><\/a><\/p>\n","protected":false},"author":123,"featured_media":0,"comment_status":"open","ping_status":"open","sticky":false,"template":"","format":"standard","meta":{"footnotes":""},"categories":[3],"tags":[],"yoast_head":"<!-- This site is optimized with the Yoast SEO plugin v22.3 - https:\/\/yoast.com\/wordpress\/plugins\/seo\/ -->\n<title>Se colm\u00f3 su vaso - Desahuciados<\/title>\n<meta name=\"robots\" content=\"index, follow, max-snippet:-1, max-image-preview:large, max-video-preview:-1\" \/>\n<link rel=\"canonical\" href=\"https:\/\/www.tallerparentesis.com\/desahuciados\/se-colmo-su-vaso\/\" \/>\n<meta property=\"og:locale\" content=\"es_ES\" \/>\n<meta property=\"og:type\" content=\"article\" \/>\n<meta property=\"og:title\" content=\"Se colm\u00f3 su vaso - Desahuciados\" \/>\n<meta property=\"og:description\" content=\"La se\u00f1ora de 52 a\u00f1os que se suicid\u00f3 ayer ten\u00eda un grave problema. Seguramente empez\u00f3 cuando ning\u00fan servicio social la ayud\u00f3 en el cuidado de su madre anciana debido a la falta de presupuesto, por lo que tuvo que abandonar &hellip; Sigue leyendo &rarr;\" \/>\n<meta property=\"og:url\" content=\"https:\/\/www.tallerparentesis.com\/desahuciados\/se-colmo-su-vaso\/\" \/>\n<meta property=\"og:site_name\" content=\"Desahuciados\" \/>\n<meta property=\"article:publisher\" content=\"https:\/\/es-es.facebook.com\/tallerparentesismalaga\" \/>\n<meta property=\"article:published_time\" content=\"2012-12-15T19:00:00+00:00\" \/>\n<meta property=\"article:modified_time\" content=\"2012-12-15T19:48:29+00:00\" \/>\n<meta name=\"author\" content=\"Nieves\" \/>\n<meta name=\"twitter:card\" content=\"summary_large_image\" \/>\n<meta name=\"twitter:creator\" content=\"@tallerparentsis\" \/>\n<meta name=\"twitter:site\" content=\"@tallerparentsis\" \/>\n<meta name=\"twitter:label1\" content=\"Escrito por\" \/>\n\t<meta name=\"twitter:data1\" content=\"Nieves\" \/>\n\t<meta name=\"twitter:label2\" content=\"Tiempo de lectura\" \/>\n\t<meta name=\"twitter:data2\" content=\"1 minuto\" \/>\n<script type=\"application\/ld+json\" class=\"yoast-schema-graph\">{\"@context\":\"https:\/\/schema.org\",\"@graph\":[{\"@type\":\"WebPage\",\"@id\":\"https:\/\/www.tallerparentesis.com\/desahuciados\/se-colmo-su-vaso\/\",\"url\":\"https:\/\/www.tallerparentesis.com\/desahuciados\/se-colmo-su-vaso\/\",\"name\":\"Se colm\u00f3 su vaso - Desahuciados\",\"isPartOf\":{\"@id\":\"https:\/\/www.tallerparentesis.com\/desahuciados\/#website\"},\"datePublished\":\"2012-12-15T19:00:00+00:00\",\"dateModified\":\"2012-12-15T19:48:29+00:00\",\"author\":{\"@id\":\"https:\/\/www.tallerparentesis.com\/desahuciados\/#\/schema\/person\/c285d9b67976664270c9585a58e36a2d\"},\"breadcrumb\":{\"@id\":\"https:\/\/www.tallerparentesis.com\/desahuciados\/se-colmo-su-vaso\/#breadcrumb\"},\"inLanguage\":\"es\",\"potentialAction\":[{\"@type\":\"ReadAction\",\"target\":[\"https:\/\/www.tallerparentesis.com\/desahuciados\/se-colmo-su-vaso\/\"]}]},{\"@type\":\"BreadcrumbList\",\"@id\":\"https:\/\/www.tallerparentesis.com\/desahuciados\/se-colmo-su-vaso\/#breadcrumb\",\"itemListElement\":[{\"@type\":\"ListItem\",\"position\":1,\"name\":\"Portada\",\"item\":\"https:\/\/www.tallerparentesis.com\/desahuciados\/\"},{\"@type\":\"ListItem\",\"position\":2,\"name\":\"Se colm\u00f3 su vaso\"}]},{\"@type\":\"WebSite\",\"@id\":\"https:\/\/www.tallerparentesis.com\/desahuciados\/#website\",\"url\":\"https:\/\/www.tallerparentesis.com\/desahuciados\/\",\"name\":\"Desahuciados\",\"description\":\"Relatos de la Crisis\",\"potentialAction\":[{\"@type\":\"SearchAction\",\"target\":{\"@type\":\"EntryPoint\",\"urlTemplate\":\"https:\/\/www.tallerparentesis.com\/desahuciados\/?s={search_term_string}\"},\"query-input\":\"required name=search_term_string\"}],\"inLanguage\":\"es\"},{\"@type\":\"Person\",\"@id\":\"https:\/\/www.tallerparentesis.com\/desahuciados\/#\/schema\/person\/c285d9b67976664270c9585a58e36a2d\",\"name\":\"Nieves\",\"image\":{\"@type\":\"ImageObject\",\"inLanguage\":\"es\",\"@id\":\"https:\/\/www.tallerparentesis.com\/desahuciados\/#\/schema\/person\/image\/\",\"url\":\"https:\/\/secure.gravatar.com\/avatar\/f5c1158174170c52a9a36ced0d649c4e?s=96&d=mm&r=g\",\"contentUrl\":\"https:\/\/secure.gravatar.com\/avatar\/f5c1158174170c52a9a36ced0d649c4e?s=96&d=mm&r=g\",\"caption\":\"Nieves\"},\"url\":\"https:\/\/www.tallerparentesis.com\/desahuciados\/author\/nieves\/\"}]}<\/script>\n<!-- \/ Yoast SEO plugin. -->","yoast_head_json":{"title":"Se colm\u00f3 su vaso - Desahuciados","robots":{"index":"index","follow":"follow","max-snippet":"max-snippet:-1","max-image-preview":"max-image-preview:large","max-video-preview":"max-video-preview:-1"},"canonical":"https:\/\/www.tallerparentesis.com\/desahuciados\/se-colmo-su-vaso\/","og_locale":"es_ES","og_type":"article","og_title":"Se colm\u00f3 su vaso - Desahuciados","og_description":"La se\u00f1ora de 52 a\u00f1os que se suicid\u00f3 ayer ten\u00eda un grave problema. Seguramente empez\u00f3 cuando ning\u00fan servicio social la ayud\u00f3 en el cuidado de su madre anciana debido a la falta de presupuesto, por lo que tuvo que abandonar &hellip; Sigue leyendo &rarr;","og_url":"https:\/\/www.tallerparentesis.com\/desahuciados\/se-colmo-su-vaso\/","og_site_name":"Desahuciados","article_publisher":"https:\/\/es-es.facebook.com\/tallerparentesismalaga","article_published_time":"2012-12-15T19:00:00+00:00","article_modified_time":"2012-12-15T19:48:29+00:00","author":"Nieves","twitter_card":"summary_large_image","twitter_creator":"@tallerparentsis","twitter_site":"@tallerparentsis","twitter_misc":{"Escrito por":"Nieves","Tiempo de lectura":"1 minuto"},"schema":{"@context":"https:\/\/schema.org","@graph":[{"@type":"WebPage","@id":"https:\/\/www.tallerparentesis.com\/desahuciados\/se-colmo-su-vaso\/","url":"https:\/\/www.tallerparentesis.com\/desahuciados\/se-colmo-su-vaso\/","name":"Se colm\u00f3 su vaso - Desahuciados","isPartOf":{"@id":"https:\/\/www.tallerparentesis.com\/desahuciados\/#website"},"datePublished":"2012-12-15T19:00:00+00:00","dateModified":"2012-12-15T19:48:29+00:00","author":{"@id":"https:\/\/www.tallerparentesis.com\/desahuciados\/#\/schema\/person\/c285d9b67976664270c9585a58e36a2d"},"breadcrumb":{"@id":"https:\/\/www.tallerparentesis.com\/desahuciados\/se-colmo-su-vaso\/#breadcrumb"},"inLanguage":"es","potentialAction":[{"@type":"ReadAction","target":["https:\/\/www.tallerparentesis.com\/desahuciados\/se-colmo-su-vaso\/"]}]},{"@type":"BreadcrumbList","@id":"https:\/\/www.tallerparentesis.com\/desahuciados\/se-colmo-su-vaso\/#breadcrumb","itemListElement":[{"@type":"ListItem","position":1,"name":"Portada","item":"https:\/\/www.tallerparentesis.com\/desahuciados\/"},{"@type":"ListItem","position":2,"name":"Se colm\u00f3 su vaso"}]},{"@type":"WebSite","@id":"https:\/\/www.tallerparentesis.com\/desahuciados\/#website","url":"https:\/\/www.tallerparentesis.com\/desahuciados\/","name":"Desahuciados","description":"Relatos de la Crisis","potentialAction":[{"@type":"SearchAction","target":{"@type":"EntryPoint","urlTemplate":"https:\/\/www.tallerparentesis.com\/desahuciados\/?s={search_term_string}"},"query-input":"required name=search_term_string"}],"inLanguage":"es"},{"@type":"Person","@id":"https:\/\/www.tallerparentesis.com\/desahuciados\/#\/schema\/person\/c285d9b67976664270c9585a58e36a2d","name":"Nieves","image":{"@type":"ImageObject","inLanguage":"es","@id":"https:\/\/www.tallerparentesis.com\/desahuciados\/#\/schema\/person\/image\/","url":"https:\/\/secure.gravatar.com\/avatar\/f5c1158174170c52a9a36ced0d649c4e?s=96&d=mm&r=g","contentUrl":"https:\/\/secure.gravatar.com\/avatar\/f5c1158174170c52a9a36ced0d649c4e?s=96&d=mm&r=g","caption":"Nieves"},"url":"https:\/\/www.tallerparentesis.com\/desahuciados\/author\/nieves\/"}]}},"_links":{"self":[{"href":"https:\/\/www.tallerparentesis.com\/desahuciados\/wp-json\/wp\/v2\/posts\/133"}],"collection":[{"href":"https:\/\/www.tallerparentesis.com\/desahuciados\/wp-json\/wp\/v2\/posts"}],"about":[{"href":"https:\/\/www.tallerparentesis.com\/desahuciados\/wp-json\/wp\/v2\/types\/post"}],"author":[{"embeddable":true,"href":"https:\/\/www.tallerparentesis.com\/desahuciados\/wp-json\/wp\/v2\/users\/123"}],"replies":[{"embeddable":true,"href":"https:\/\/www.tallerparentesis.com\/desahuciados\/wp-json\/wp\/v2\/comments?post=133"}],"version-history":[{"count":11,"href":"https:\/\/www.tallerparentesis.com\/desahuciados\/wp-json\/wp\/v2\/posts\/133\/revisions"}],"predecessor-version":[{"id":178,"href":"https:\/\/www.tallerparentesis.com\/desahuciados\/wp-json\/wp\/v2\/posts\/133\/revisions\/178"}],"wp:attachment":[{"href":"https:\/\/www.tallerparentesis.com\/desahuciados\/wp-json\/wp\/v2\/media?parent=133"}],"wp:term":[{"taxonomy":"category","embeddable":true,"href":"https:\/\/www.tallerparentesis.com\/desahuciados\/wp-json\/wp\/v2\/categories?post=133"},{"taxonomy":"post_tag","embeddable":true,"href":"https:\/\/www.tallerparentesis.com\/desahuciados\/wp-json\/wp\/v2\/tags?post=133"}],"curies":[{"name":"wp","href":"https:\/\/api.w.org\/{rel}","templated":true}]}}