{"id":137,"date":"2012-12-14T18:27:28","date_gmt":"2012-12-14T17:27:28","guid":{"rendered":"https:\/\/www.tallerparentesis.com\/desahuciados\/?p=137"},"modified":"2016-02-08T22:23:22","modified_gmt":"2016-02-08T21:23:22","slug":"que-se-aparten","status":"publish","type":"post","link":"https:\/\/www.tallerparentesis.com\/desahuciados\/que-se-aparten\/","title":{"rendered":"\u00a1Que se aparten!"},"content":{"rendered":"<p><a href=\"\/\/www.tallerparentesis.com\/desahuciados\/files\/2012\/12\/vi\u00f1eta-el-roto-econom\u00eda-2-marzo-20121.jpg\"><img loading=\"lazy\" decoding=\"async\" class=\"alignleft size-medium wp-image-139\" title=\"Vi\u00f1eta de El Roto (El Pa\u00eds, 2\/3\/2012)\" src=\"\/\/www.tallerparentesis.com\/desahuciados\/files\/2012\/12\/vi\u00f1eta-el-roto-econom\u00eda-2-marzo-20121-263x300.jpg\" alt=\"El Roto, El Pa\u00eds 2 de marzo de 2012\" width=\"263\" height=\"300\" srcset=\"https:\/\/www.tallerparentesis.com\/desahuciados\/files\/2012\/12\/vi\u00f1eta-el-roto-econom\u00eda-2-marzo-20121-263x300.jpg 263w, https:\/\/www.tallerparentesis.com\/desahuciados\/files\/2012\/12\/vi\u00f1eta-el-roto-econom\u00eda-2-marzo-20121.jpg 562w\" sizes=\"(max-width: 263px) 100vw, 263px\" \/><\/a> Esta ma\u00f1ana una mujer se ha suicidado en M\u00e1laga tir\u00e1ndose desde su balc\u00f3n tras recibir una orden de embargo:<\/p>\n<p><a title=\"Suicidio por embargo\" href=\"http:\/\/ccaa.elpais.com\/ccaa\/2012\/12\/14\/andalucia\/1355480633_654511.html\" target=\"_blank\">Noticia de El Pa\u00eds Andaluc\u00eda<\/a><\/p>\n<p>&nbsp;<\/p>\n","protected":false},"excerpt":{"rendered":"<p>Esta ma\u00f1ana una mujer se ha suicidado en M\u00e1laga tir\u00e1ndose desde su balc\u00f3n tras recibir una orden de embargo: Noticia de El Pa\u00eds Andaluc\u00eda &nbsp;<\/p>\n","protected":false},"author":124,"featured_media":0,"comment_status":"open","ping_status":"open","sticky":false,"template":"","format":"standard","meta":{"footnotes":""},"categories":[4],"tags":[],"yoast_head":"<!-- This site is optimized with the Yoast SEO plugin v22.3 - https:\/\/yoast.com\/wordpress\/plugins\/seo\/ -->\n<title>\u00a1Que se aparten! - Desahuciados<\/title>\n<meta name=\"robots\" content=\"index, nofollow, max-snippet:-1, max-image-preview:large, max-video-preview:-1\" \/>\n<link rel=\"canonical\" href=\"https:\/\/www.tallerparentesis.com\/desahuciados\/que-se-aparten\/\" \/>\n<meta property=\"og:locale\" content=\"es_ES\" \/>\n<meta property=\"og:type\" content=\"article\" \/>\n<meta property=\"og:title\" content=\"\u00a1Que se aparten! - Desahuciados\" \/>\n<meta property=\"og:description\" content=\"Esta ma\u00f1ana una mujer se ha suicidado en M\u00e1laga tir\u00e1ndose desde su balc\u00f3n tras recibir una orden de embargo: Noticia de El Pa\u00eds Andaluc\u00eda &nbsp;\" \/>\n<meta property=\"og:url\" content=\"https:\/\/www.tallerparentesis.com\/desahuciados\/que-se-aparten\/\" \/>\n<meta property=\"og:site_name\" content=\"Desahuciados\" \/>\n<meta property=\"article:publisher\" content=\"https:\/\/es-es.facebook.com\/tallerparentesismalaga\" \/>\n<meta property=\"article:published_time\" content=\"2012-12-14T17:27:28+00:00\" \/>\n<meta property=\"article:modified_time\" content=\"2016-02-08T21:23:22+00:00\" \/>\n<meta property=\"og:image\" content=\"\/\/www.tallerparentesis.com\/desahuciados\/files\/2012\/12\/vi\u00f1eta-el-roto-econom\u00eda-2-marzo-20121-263x300.jpg\" \/>\n<meta name=\"author\" content=\"Javier Hern\u00e1ndez\" \/>\n<meta name=\"twitter:card\" content=\"summary_large_image\" \/>\n<meta name=\"twitter:creator\" content=\"@tallerparentsis\" \/>\n<meta name=\"twitter:site\" content=\"@tallerparentsis\" \/>\n<meta name=\"twitter:label1\" content=\"Escrito por\" \/>\n\t<meta name=\"twitter:data1\" content=\"Javier Hern\u00e1ndez\" \/>\n<script type=\"application\/ld+json\" class=\"yoast-schema-graph\">{\"@context\":\"https:\/\/schema.org\",\"@graph\":[{\"@type\":\"WebPage\",\"@id\":\"https:\/\/www.tallerparentesis.com\/desahuciados\/que-se-aparten\/\",\"url\":\"https:\/\/www.tallerparentesis.com\/desahuciados\/que-se-aparten\/\",\"name\":\"\u00a1Que se aparten! - Desahuciados\",\"isPartOf\":{\"@id\":\"https:\/\/www.tallerparentesis.com\/desahuciados\/#website\"},\"datePublished\":\"2012-12-14T17:27:28+00:00\",\"dateModified\":\"2016-02-08T21:23:22+00:00\",\"author\":{\"@id\":\"https:\/\/www.tallerparentesis.com\/desahuciados\/#\/schema\/person\/491df0d0337ccb18f8298c15a4ceef92\"},\"breadcrumb\":{\"@id\":\"https:\/\/www.tallerparentesis.com\/desahuciados\/que-se-aparten\/#breadcrumb\"},\"inLanguage\":\"es\",\"potentialAction\":[{\"@type\":\"ReadAction\",\"target\":[\"https:\/\/www.tallerparentesis.com\/desahuciados\/que-se-aparten\/\"]}]},{\"@type\":\"BreadcrumbList\",\"@id\":\"https:\/\/www.tallerparentesis.com\/desahuciados\/que-se-aparten\/#breadcrumb\",\"itemListElement\":[{\"@type\":\"ListItem\",\"position\":1,\"name\":\"Portada\",\"item\":\"https:\/\/www.tallerparentesis.com\/desahuciados\/\"},{\"@type\":\"ListItem\",\"position\":2,\"name\":\"\u00a1Que se aparten!\"}]},{\"@type\":\"WebSite\",\"@id\":\"https:\/\/www.tallerparentesis.com\/desahuciados\/#website\",\"url\":\"https:\/\/www.tallerparentesis.com\/desahuciados\/\",\"name\":\"Desahuciados\",\"description\":\"Relatos de la Crisis\",\"potentialAction\":[{\"@type\":\"SearchAction\",\"target\":{\"@type\":\"EntryPoint\",\"urlTemplate\":\"https:\/\/www.tallerparentesis.com\/desahuciados\/?s={search_term_string}\"},\"query-input\":\"required name=search_term_string\"}],\"inLanguage\":\"es\"},{\"@type\":\"Person\",\"@id\":\"https:\/\/www.tallerparentesis.com\/desahuciados\/#\/schema\/person\/491df0d0337ccb18f8298c15a4ceef92\",\"name\":\"Javier Hern\u00e1ndez\",\"image\":{\"@type\":\"ImageObject\",\"inLanguage\":\"es\",\"@id\":\"https:\/\/www.tallerparentesis.com\/desahuciados\/#\/schema\/person\/image\/\",\"url\":\"https:\/\/secure.gravatar.com\/avatar\/85d9260b604bd92cdae20c07975c3ef1?s=96&d=mm&r=g\",\"contentUrl\":\"https:\/\/secure.gravatar.com\/avatar\/85d9260b604bd92cdae20c07975c3ef1?s=96&d=mm&r=g\",\"caption\":\"Javier Hern\u00e1ndez\"},\"description\":\"Abogado y escritor. Colaborador de la editorial At\u00f3nitos y de la revista FahrenheitXXI. Es antiguo alumno del Taller de Escritura Par\u00e9ntesis.\",\"url\":\"https:\/\/www.tallerparentesis.com\/desahuciados\/author\/javier\/\"}]}<\/script>\n<!-- \/ Yoast SEO plugin. -->","yoast_head_json":{"title":"\u00a1Que se aparten! - Desahuciados","robots":{"index":"index","follow":"nofollow","max-snippet":"max-snippet:-1","max-image-preview":"max-image-preview:large","max-video-preview":"max-video-preview:-1"},"canonical":"https:\/\/www.tallerparentesis.com\/desahuciados\/que-se-aparten\/","og_locale":"es_ES","og_type":"article","og_title":"\u00a1Que se aparten! - Desahuciados","og_description":"Esta ma\u00f1ana una mujer se ha suicidado en M\u00e1laga tir\u00e1ndose desde su balc\u00f3n tras recibir una orden de embargo: Noticia de El Pa\u00eds Andaluc\u00eda &nbsp;","og_url":"https:\/\/www.tallerparentesis.com\/desahuciados\/que-se-aparten\/","og_site_name":"Desahuciados","article_publisher":"https:\/\/es-es.facebook.com\/tallerparentesismalaga","article_published_time":"2012-12-14T17:27:28+00:00","article_modified_time":"2016-02-08T21:23:22+00:00","og_image":[{"url":"\/\/www.tallerparentesis.com\/desahuciados\/files\/2012\/12\/vi\u00f1eta-el-roto-econom\u00eda-2-marzo-20121-263x300.jpg"}],"author":"Javier Hern\u00e1ndez","twitter_card":"summary_large_image","twitter_creator":"@tallerparentsis","twitter_site":"@tallerparentsis","twitter_misc":{"Escrito por":"Javier Hern\u00e1ndez"},"schema":{"@context":"https:\/\/schema.org","@graph":[{"@type":"WebPage","@id":"https:\/\/www.tallerparentesis.com\/desahuciados\/que-se-aparten\/","url":"https:\/\/www.tallerparentesis.com\/desahuciados\/que-se-aparten\/","name":"\u00a1Que se aparten! - Desahuciados","isPartOf":{"@id":"https:\/\/www.tallerparentesis.com\/desahuciados\/#website"},"datePublished":"2012-12-14T17:27:28+00:00","dateModified":"2016-02-08T21:23:22+00:00","author":{"@id":"https:\/\/www.tallerparentesis.com\/desahuciados\/#\/schema\/person\/491df0d0337ccb18f8298c15a4ceef92"},"breadcrumb":{"@id":"https:\/\/www.tallerparentesis.com\/desahuciados\/que-se-aparten\/#breadcrumb"},"inLanguage":"es","potentialAction":[{"@type":"ReadAction","target":["https:\/\/www.tallerparentesis.com\/desahuciados\/que-se-aparten\/"]}]},{"@type":"BreadcrumbList","@id":"https:\/\/www.tallerparentesis.com\/desahuciados\/que-se-aparten\/#breadcrumb","itemListElement":[{"@type":"ListItem","position":1,"name":"Portada","item":"https:\/\/www.tallerparentesis.com\/desahuciados\/"},{"@type":"ListItem","position":2,"name":"\u00a1Que se aparten!"}]},{"@type":"WebSite","@id":"https:\/\/www.tallerparentesis.com\/desahuciados\/#website","url":"https:\/\/www.tallerparentesis.com\/desahuciados\/","name":"Desahuciados","description":"Relatos de la Crisis","potentialAction":[{"@type":"SearchAction","target":{"@type":"EntryPoint","urlTemplate":"https:\/\/www.tallerparentesis.com\/desahuciados\/?s={search_term_string}"},"query-input":"required name=search_term_string"}],"inLanguage":"es"},{"@type":"Person","@id":"https:\/\/www.tallerparentesis.com\/desahuciados\/#\/schema\/person\/491df0d0337ccb18f8298c15a4ceef92","name":"Javier Hern\u00e1ndez","image":{"@type":"ImageObject","inLanguage":"es","@id":"https:\/\/www.tallerparentesis.com\/desahuciados\/#\/schema\/person\/image\/","url":"https:\/\/secure.gravatar.com\/avatar\/85d9260b604bd92cdae20c07975c3ef1?s=96&d=mm&r=g","contentUrl":"https:\/\/secure.gravatar.com\/avatar\/85d9260b604bd92cdae20c07975c3ef1?s=96&d=mm&r=g","caption":"Javier Hern\u00e1ndez"},"description":"Abogado y escritor. Colaborador de la editorial At\u00f3nitos y de la revista FahrenheitXXI. Es antiguo alumno del Taller de Escritura Par\u00e9ntesis.","url":"https:\/\/www.tallerparentesis.com\/desahuciados\/author\/javier\/"}]}},"_links":{"self":[{"href":"https:\/\/www.tallerparentesis.com\/desahuciados\/wp-json\/wp\/v2\/posts\/137"}],"collection":[{"href":"https:\/\/www.tallerparentesis.com\/desahuciados\/wp-json\/wp\/v2\/posts"}],"about":[{"href":"https:\/\/www.tallerparentesis.com\/desahuciados\/wp-json\/wp\/v2\/types\/post"}],"author":[{"embeddable":true,"href":"https:\/\/www.tallerparentesis.com\/desahuciados\/wp-json\/wp\/v2\/users\/124"}],"replies":[{"embeddable":true,"href":"https:\/\/www.tallerparentesis.com\/desahuciados\/wp-json\/wp\/v2\/comments?post=137"}],"version-history":[{"count":13,"href":"https:\/\/www.tallerparentesis.com\/desahuciados\/wp-json\/wp\/v2\/posts\/137\/revisions"}],"predecessor-version":[{"id":1281,"href":"https:\/\/www.tallerparentesis.com\/desahuciados\/wp-json\/wp\/v2\/posts\/137\/revisions\/1281"}],"wp:attachment":[{"href":"https:\/\/www.tallerparentesis.com\/desahuciados\/wp-json\/wp\/v2\/media?parent=137"}],"wp:term":[{"taxonomy":"category","embeddable":true,"href":"https:\/\/www.tallerparentesis.com\/desahuciados\/wp-json\/wp\/v2\/categories?post=137"},{"taxonomy":"post_tag","embeddable":true,"href":"https:\/\/www.tallerparentesis.com\/desahuciados\/wp-json\/wp\/v2\/tags?post=137"}],"curies":[{"name":"wp","href":"https:\/\/api.w.org\/{rel}","templated":true}]}}