{"id":184,"date":"2012-12-16T18:24:00","date_gmt":"2012-12-16T17:24:00","guid":{"rendered":"https:\/\/www.tallerparentesis.com\/desahuciados\/?p=184"},"modified":"2018-11-16T13:58:32","modified_gmt":"2018-11-16T12:58:32","slug":"wert-para-creer","status":"publish","type":"post","link":"https:\/\/www.tallerparentesis.com\/desahuciados\/wert-para-creer\/","title":{"rendered":"Wert para creer"},"content":{"rendered":"<p align=\"JUSTIFY\"><img loading=\"lazy\" decoding=\"async\" class=\"alignleft wp-image-190\" title=\"Wert junto al rey (foto de Juanjo Mart\u00edn, agencia Efe)\" src=\"\/\/www.tallerparentesis.com\/desahuciados\/files\/2012\/12\/Wert-rey.jpg\" alt=\"Wert junto al rey (foto de Juanjo Mart\u00edn, agencia Efe)\" width=\"600\" height=\"300\" srcset=\"https:\/\/www.tallerparentesis.com\/desahuciados\/files\/2012\/12\/Wert-rey.jpg 600w, https:\/\/www.tallerparentesis.com\/desahuciados\/files\/2012\/12\/Wert-rey-300x150.jpg 300w, https:\/\/www.tallerparentesis.com\/desahuciados\/files\/2012\/12\/Wert-rey-500x250.jpg 500w\" sizes=\"(max-width: 600px) 100vw, 600px\" \/><\/p>\n<p align=\"JUSTIFY\">\u00a1Aqu\u00ed huele a muerto! Esto es lo primero que he pensado despu\u00e9s de leer los puntos principales de la reforma educativa. Y es que el tufo remite, entre otras cosas, a la privatizaci\u00f3n, la discriminaci\u00f3n por sexo y a unos se\u00f1ores de morado que andan escocidos ante el baj\u00f3n de la clientela. Mientras tanto, en los centros no se cubren las bajas, las aulas se masifican y los recursos menguan.<\/p>\n<p align=\"JUSTIFY\">Es obvio que nuestro sistema educativo necesita una reforma. Los resultados de los alumnos espa\u00f1oles en la \u00faltimas pruebas internacionales los sit\u00faan a la zaga de los pa\u00edses desarrollados. Entre las materias m\u00e1s conflictivas: matem\u00e1ticas, ciencias y lengua. En definitiva, que a nuestros ni\u00f1os no les salen las cuentas y escriben sinverg\u00fcenza con be. Claro que la reforma es necesaria, pero no este tipo de reforma, con una orientaci\u00f3n que recuerda a tiempos pasados.<\/p>\n<p style=\"text-align: center;\" align=\"JUSTIFY\">Para saber m\u00e1s sobre la reforma:\u00a0<a title=\"Reforma educativa\" href=\"http:\/\/www.eldiario.es\/sociedad\/ley-afecta-modelo-linguistico_0_79092567.html\" target=\"_blank\">Noticia de El Diario<\/a><\/p>\n","protected":false},"excerpt":{"rendered":"<p>\u00a1Aqu\u00ed huele a muerto! Esto es lo primero que he pensado despu\u00e9s de leer los puntos principales de la reforma educativa. Y es que el tufo remite, entre otras cosas, a la privatizaci\u00f3n, la discriminaci\u00f3n por sexo y a unos &hellip; <a href=\"https:\/\/www.tallerparentesis.com\/desahuciados\/wert-para-creer\/\">Sigue leyendo <span class=\"meta-nav\">&rarr;<\/span><\/a><\/p>\n","protected":false},"author":125,"featured_media":0,"comment_status":"open","ping_status":"open","sticky":false,"template":"","format":"standard","meta":{"footnotes":""},"categories":[3],"tags":[],"yoast_head":"<!-- This site is optimized with the Yoast SEO plugin v22.3 - https:\/\/yoast.com\/wordpress\/plugins\/seo\/ -->\n<title>Wert para creer - Desahuciados<\/title>\n<meta name=\"robots\" content=\"index, nofollow, max-snippet:-1, max-image-preview:large, max-video-preview:-1\" \/>\n<link rel=\"canonical\" href=\"https:\/\/www.tallerparentesis.com\/desahuciados\/wert-para-creer\/\" \/>\n<meta property=\"og:locale\" content=\"es_ES\" \/>\n<meta property=\"og:type\" content=\"article\" \/>\n<meta property=\"og:title\" content=\"Wert para creer - Desahuciados\" \/>\n<meta property=\"og:description\" content=\"\u00a1Aqu\u00ed huele a muerto! Esto es lo primero que he pensado despu\u00e9s de leer los puntos principales de la reforma educativa. Y es que el tufo remite, entre otras cosas, a la privatizaci\u00f3n, la discriminaci\u00f3n por sexo y a unos &hellip; Sigue leyendo &rarr;\" \/>\n<meta property=\"og:url\" content=\"https:\/\/www.tallerparentesis.com\/desahuciados\/wert-para-creer\/\" \/>\n<meta property=\"og:site_name\" content=\"Desahuciados\" \/>\n<meta property=\"article:publisher\" content=\"https:\/\/es-es.facebook.com\/tallerparentesismalaga\" \/>\n<meta property=\"article:published_time\" content=\"2012-12-16T17:24:00+00:00\" \/>\n<meta property=\"article:modified_time\" content=\"2018-11-16T12:58:32+00:00\" \/>\n<meta property=\"og:image\" content=\"\/\/www.tallerparentesis.com\/desahuciados\/files\/2012\/12\/Wert-rey.jpg\" \/>\n<meta name=\"author\" content=\"Berta Mu\u00f1oz\" \/>\n<meta name=\"twitter:card\" content=\"summary_large_image\" \/>\n<meta name=\"twitter:creator\" content=\"@tallerparentsis\" \/>\n<meta name=\"twitter:site\" content=\"@tallerparentsis\" \/>\n<meta name=\"twitter:label1\" content=\"Escrito por\" \/>\n\t<meta name=\"twitter:data1\" content=\"Berta Mu\u00f1oz\" \/>\n\t<meta name=\"twitter:label2\" content=\"Tiempo de lectura\" \/>\n\t<meta name=\"twitter:data2\" content=\"1 minuto\" \/>\n<script type=\"application\/ld+json\" class=\"yoast-schema-graph\">{\"@context\":\"https:\/\/schema.org\",\"@graph\":[{\"@type\":\"WebPage\",\"@id\":\"https:\/\/www.tallerparentesis.com\/desahuciados\/wert-para-creer\/\",\"url\":\"https:\/\/www.tallerparentesis.com\/desahuciados\/wert-para-creer\/\",\"name\":\"Wert para creer - Desahuciados\",\"isPartOf\":{\"@id\":\"https:\/\/www.tallerparentesis.com\/desahuciados\/#website\"},\"datePublished\":\"2012-12-16T17:24:00+00:00\",\"dateModified\":\"2018-11-16T12:58:32+00:00\",\"author\":{\"@id\":\"https:\/\/www.tallerparentesis.com\/desahuciados\/#\/schema\/person\/b998669d58a02b810ce80e642b961906\"},\"breadcrumb\":{\"@id\":\"https:\/\/www.tallerparentesis.com\/desahuciados\/wert-para-creer\/#breadcrumb\"},\"inLanguage\":\"es\",\"potentialAction\":[{\"@type\":\"ReadAction\",\"target\":[\"https:\/\/www.tallerparentesis.com\/desahuciados\/wert-para-creer\/\"]}]},{\"@type\":\"BreadcrumbList\",\"@id\":\"https:\/\/www.tallerparentesis.com\/desahuciados\/wert-para-creer\/#breadcrumb\",\"itemListElement\":[{\"@type\":\"ListItem\",\"position\":1,\"name\":\"Portada\",\"item\":\"https:\/\/www.tallerparentesis.com\/desahuciados\/\"},{\"@type\":\"ListItem\",\"position\":2,\"name\":\"Wert para creer\"}]},{\"@type\":\"WebSite\",\"@id\":\"https:\/\/www.tallerparentesis.com\/desahuciados\/#website\",\"url\":\"https:\/\/www.tallerparentesis.com\/desahuciados\/\",\"name\":\"Desahuciados\",\"description\":\"Relatos de la Crisis\",\"potentialAction\":[{\"@type\":\"SearchAction\",\"target\":{\"@type\":\"EntryPoint\",\"urlTemplate\":\"https:\/\/www.tallerparentesis.com\/desahuciados\/?s={search_term_string}\"},\"query-input\":\"required name=search_term_string\"}],\"inLanguage\":\"es\"},{\"@type\":\"Person\",\"@id\":\"https:\/\/www.tallerparentesis.com\/desahuciados\/#\/schema\/person\/b998669d58a02b810ce80e642b961906\",\"name\":\"Berta Mu\u00f1oz\",\"image\":{\"@type\":\"ImageObject\",\"inLanguage\":\"es\",\"@id\":\"https:\/\/www.tallerparentesis.com\/desahuciados\/#\/schema\/person\/image\/\",\"url\":\"https:\/\/secure.gravatar.com\/avatar\/746e79cd1820aafe97936421038f2c6b?s=96&d=mm&r=g\",\"contentUrl\":\"https:\/\/secure.gravatar.com\/avatar\/746e79cd1820aafe97936421038f2c6b?s=96&d=mm&r=g\",\"caption\":\"Berta Mu\u00f1oz\"},\"url\":\"https:\/\/www.tallerparentesis.com\/desahuciados\/author\/cris\/\"}]}<\/script>\n<!-- \/ Yoast SEO plugin. -->","yoast_head_json":{"title":"Wert para creer - Desahuciados","robots":{"index":"index","follow":"nofollow","max-snippet":"max-snippet:-1","max-image-preview":"max-image-preview:large","max-video-preview":"max-video-preview:-1"},"canonical":"https:\/\/www.tallerparentesis.com\/desahuciados\/wert-para-creer\/","og_locale":"es_ES","og_type":"article","og_title":"Wert para creer - Desahuciados","og_description":"\u00a1Aqu\u00ed huele a muerto! Esto es lo primero que he pensado despu\u00e9s de leer los puntos principales de la reforma educativa. Y es que el tufo remite, entre otras cosas, a la privatizaci\u00f3n, la discriminaci\u00f3n por sexo y a unos &hellip; Sigue leyendo &rarr;","og_url":"https:\/\/www.tallerparentesis.com\/desahuciados\/wert-para-creer\/","og_site_name":"Desahuciados","article_publisher":"https:\/\/es-es.facebook.com\/tallerparentesismalaga","article_published_time":"2012-12-16T17:24:00+00:00","article_modified_time":"2018-11-16T12:58:32+00:00","og_image":[{"url":"\/\/www.tallerparentesis.com\/desahuciados\/files\/2012\/12\/Wert-rey.jpg"}],"author":"Berta Mu\u00f1oz","twitter_card":"summary_large_image","twitter_creator":"@tallerparentsis","twitter_site":"@tallerparentsis","twitter_misc":{"Escrito por":"Berta Mu\u00f1oz","Tiempo de lectura":"1 minuto"},"schema":{"@context":"https:\/\/schema.org","@graph":[{"@type":"WebPage","@id":"https:\/\/www.tallerparentesis.com\/desahuciados\/wert-para-creer\/","url":"https:\/\/www.tallerparentesis.com\/desahuciados\/wert-para-creer\/","name":"Wert para creer - Desahuciados","isPartOf":{"@id":"https:\/\/www.tallerparentesis.com\/desahuciados\/#website"},"datePublished":"2012-12-16T17:24:00+00:00","dateModified":"2018-11-16T12:58:32+00:00","author":{"@id":"https:\/\/www.tallerparentesis.com\/desahuciados\/#\/schema\/person\/b998669d58a02b810ce80e642b961906"},"breadcrumb":{"@id":"https:\/\/www.tallerparentesis.com\/desahuciados\/wert-para-creer\/#breadcrumb"},"inLanguage":"es","potentialAction":[{"@type":"ReadAction","target":["https:\/\/www.tallerparentesis.com\/desahuciados\/wert-para-creer\/"]}]},{"@type":"BreadcrumbList","@id":"https:\/\/www.tallerparentesis.com\/desahuciados\/wert-para-creer\/#breadcrumb","itemListElement":[{"@type":"ListItem","position":1,"name":"Portada","item":"https:\/\/www.tallerparentesis.com\/desahuciados\/"},{"@type":"ListItem","position":2,"name":"Wert para creer"}]},{"@type":"WebSite","@id":"https:\/\/www.tallerparentesis.com\/desahuciados\/#website","url":"https:\/\/www.tallerparentesis.com\/desahuciados\/","name":"Desahuciados","description":"Relatos de la Crisis","potentialAction":[{"@type":"SearchAction","target":{"@type":"EntryPoint","urlTemplate":"https:\/\/www.tallerparentesis.com\/desahuciados\/?s={search_term_string}"},"query-input":"required name=search_term_string"}],"inLanguage":"es"},{"@type":"Person","@id":"https:\/\/www.tallerparentesis.com\/desahuciados\/#\/schema\/person\/b998669d58a02b810ce80e642b961906","name":"Berta Mu\u00f1oz","image":{"@type":"ImageObject","inLanguage":"es","@id":"https:\/\/www.tallerparentesis.com\/desahuciados\/#\/schema\/person\/image\/","url":"https:\/\/secure.gravatar.com\/avatar\/746e79cd1820aafe97936421038f2c6b?s=96&d=mm&r=g","contentUrl":"https:\/\/secure.gravatar.com\/avatar\/746e79cd1820aafe97936421038f2c6b?s=96&d=mm&r=g","caption":"Berta Mu\u00f1oz"},"url":"https:\/\/www.tallerparentesis.com\/desahuciados\/author\/cris\/"}]}},"_links":{"self":[{"href":"https:\/\/www.tallerparentesis.com\/desahuciados\/wp-json\/wp\/v2\/posts\/184"}],"collection":[{"href":"https:\/\/www.tallerparentesis.com\/desahuciados\/wp-json\/wp\/v2\/posts"}],"about":[{"href":"https:\/\/www.tallerparentesis.com\/desahuciados\/wp-json\/wp\/v2\/types\/post"}],"author":[{"embeddable":true,"href":"https:\/\/www.tallerparentesis.com\/desahuciados\/wp-json\/wp\/v2\/users\/125"}],"replies":[{"embeddable":true,"href":"https:\/\/www.tallerparentesis.com\/desahuciados\/wp-json\/wp\/v2\/comments?post=184"}],"version-history":[{"count":11,"href":"https:\/\/www.tallerparentesis.com\/desahuciados\/wp-json\/wp\/v2\/posts\/184\/revisions"}],"predecessor-version":[{"id":1280,"href":"https:\/\/www.tallerparentesis.com\/desahuciados\/wp-json\/wp\/v2\/posts\/184\/revisions\/1280"}],"wp:attachment":[{"href":"https:\/\/www.tallerparentesis.com\/desahuciados\/wp-json\/wp\/v2\/media?parent=184"}],"wp:term":[{"taxonomy":"category","embeddable":true,"href":"https:\/\/www.tallerparentesis.com\/desahuciados\/wp-json\/wp\/v2\/categories?post=184"},{"taxonomy":"post_tag","embeddable":true,"href":"https:\/\/www.tallerparentesis.com\/desahuciados\/wp-json\/wp\/v2\/tags?post=184"}],"curies":[{"name":"wp","href":"https:\/\/api.w.org\/{rel}","templated":true}]}}