{"id":363,"date":"2013-01-01T22:00:35","date_gmt":"2013-01-01T21:00:35","guid":{"rendered":"https:\/\/www.tallerparentesis.com\/desahuciados\/?p=363"},"modified":"2019-01-09T11:57:25","modified_gmt":"2019-01-09T10:57:25","slug":"lo-mejor-para-2013","status":"publish","type":"post","link":"https:\/\/www.tallerparentesis.com\/desahuciados\/lo-mejor-para-2013\/","title":{"rendered":"Lo mejor para 2013"},"content":{"rendered":"<p>V\u00eddeo-invitaci\u00f3n realizado en 2008.<\/p>\n","protected":false},"excerpt":{"rendered":"<p>V\u00eddeo-invitaci\u00f3n realizado en 2008.<\/p>\n","protected":false},"author":3,"featured_media":0,"comment_status":"open","ping_status":"open","sticky":false,"template":"","format":"standard","meta":{"footnotes":""},"categories":[16],"tags":[],"yoast_head":"<!-- This site is optimized with the Yoast SEO plugin v22.3 - https:\/\/yoast.com\/wordpress\/plugins\/seo\/ -->\n<title>Lo mejor para 2013 - Desahuciados<\/title>\n<meta name=\"robots\" content=\"index, nofollow, max-snippet:-1, max-image-preview:large, max-video-preview:-1\" \/>\n<link rel=\"canonical\" href=\"https:\/\/www.tallerparentesis.com\/desahuciados\/lo-mejor-para-2013\/\" \/>\n<meta property=\"og:locale\" content=\"es_ES\" \/>\n<meta property=\"og:type\" content=\"article\" \/>\n<meta property=\"og:title\" content=\"Lo mejor para 2013 - Desahuciados\" \/>\n<meta property=\"og:description\" content=\"V\u00eddeo-invitaci\u00f3n realizado en 2008.\" \/>\n<meta property=\"og:url\" content=\"https:\/\/www.tallerparentesis.com\/desahuciados\/lo-mejor-para-2013\/\" \/>\n<meta property=\"og:site_name\" content=\"Desahuciados\" \/>\n<meta property=\"article:publisher\" content=\"https:\/\/es-es.facebook.com\/tallerparentesismalaga\" \/>\n<meta property=\"article:author\" content=\"https:\/\/www.facebook.com\/rafael.caumel\" \/>\n<meta property=\"article:published_time\" content=\"2013-01-01T21:00:35+00:00\" \/>\n<meta property=\"article:modified_time\" content=\"2019-01-09T10:57:25+00:00\" \/>\n<meta name=\"author\" content=\"Rafa Caumel\" \/>\n<meta name=\"twitter:card\" content=\"summary_large_image\" \/>\n<meta name=\"twitter:creator\" content=\"@RafaCaumel\" \/>\n<meta name=\"twitter:site\" content=\"@tallerparentsis\" \/>\n<meta name=\"twitter:label1\" content=\"Escrito por\" \/>\n\t<meta name=\"twitter:data1\" content=\"Rafa Caumel\" \/>\n<script type=\"application\/ld+json\" class=\"yoast-schema-graph\">{\"@context\":\"https:\/\/schema.org\",\"@graph\":[{\"@type\":\"WebPage\",\"@id\":\"https:\/\/www.tallerparentesis.com\/desahuciados\/lo-mejor-para-2013\/\",\"url\":\"https:\/\/www.tallerparentesis.com\/desahuciados\/lo-mejor-para-2013\/\",\"name\":\"Lo mejor para 2013 - Desahuciados\",\"isPartOf\":{\"@id\":\"https:\/\/www.tallerparentesis.com\/desahuciados\/#website\"},\"datePublished\":\"2013-01-01T21:00:35+00:00\",\"dateModified\":\"2019-01-09T10:57:25+00:00\",\"author\":{\"@id\":\"https:\/\/www.tallerparentesis.com\/desahuciados\/#\/schema\/person\/f52cf9a129615314de650025d46aaac9\"},\"breadcrumb\":{\"@id\":\"https:\/\/www.tallerparentesis.com\/desahuciados\/lo-mejor-para-2013\/#breadcrumb\"},\"inLanguage\":\"es\",\"potentialAction\":[{\"@type\":\"ReadAction\",\"target\":[\"https:\/\/www.tallerparentesis.com\/desahuciados\/lo-mejor-para-2013\/\"]}]},{\"@type\":\"BreadcrumbList\",\"@id\":\"https:\/\/www.tallerparentesis.com\/desahuciados\/lo-mejor-para-2013\/#breadcrumb\",\"itemListElement\":[{\"@type\":\"ListItem\",\"position\":1,\"name\":\"Portada\",\"item\":\"https:\/\/www.tallerparentesis.com\/desahuciados\/\"},{\"@type\":\"ListItem\",\"position\":2,\"name\":\"Lo mejor para 2013\"}]},{\"@type\":\"WebSite\",\"@id\":\"https:\/\/www.tallerparentesis.com\/desahuciados\/#website\",\"url\":\"https:\/\/www.tallerparentesis.com\/desahuciados\/\",\"name\":\"Desahuciados\",\"description\":\"Relatos de la Crisis\",\"potentialAction\":[{\"@type\":\"SearchAction\",\"target\":{\"@type\":\"EntryPoint\",\"urlTemplate\":\"https:\/\/www.tallerparentesis.com\/desahuciados\/?s={search_term_string}\"},\"query-input\":\"required name=search_term_string\"}],\"inLanguage\":\"es\"},{\"@type\":\"Person\",\"@id\":\"https:\/\/www.tallerparentesis.com\/desahuciados\/#\/schema\/person\/f52cf9a129615314de650025d46aaac9\",\"name\":\"Rafa Caumel\",\"image\":{\"@type\":\"ImageObject\",\"inLanguage\":\"es\",\"@id\":\"https:\/\/www.tallerparentesis.com\/desahuciados\/#\/schema\/person\/image\/\",\"url\":\"https:\/\/secure.gravatar.com\/avatar\/e2f7dcb38e6c2a0b458cf2d7108871fd?s=96&d=mm&r=g\",\"contentUrl\":\"https:\/\/secure.gravatar.com\/avatar\/e2f7dcb38e6c2a0b458cf2d7108871fd?s=96&d=mm&r=g\",\"caption\":\"Rafa Caumel\"},\"description\":\"Director de Par\u00e9ntesis y de la editorial At\u00f3nitos. Fund\u00f3 y dirigi\u00f3 el peri\u00f3dico literario Par\u00e9ntesis y la revista FahrenheitXXI. Es ingeniero y escritor.\",\"sameAs\":[\"https:\/\/www.tallerparentesis.com\/taller-de-escritura-creativa-de-malaga\/profesor-escritura-malaga\/\",\"https:\/\/www.facebook.com\/rafael.caumel\",\"https:\/\/twitter.com\/RafaCaumel\"],\"url\":\"https:\/\/www.tallerparentesis.com\/desahuciados\/author\/rafael\/\"}]}<\/script>\n<!-- \/ Yoast SEO plugin. -->","yoast_head_json":{"title":"Lo mejor para 2013 - Desahuciados","robots":{"index":"index","follow":"nofollow","max-snippet":"max-snippet:-1","max-image-preview":"max-image-preview:large","max-video-preview":"max-video-preview:-1"},"canonical":"https:\/\/www.tallerparentesis.com\/desahuciados\/lo-mejor-para-2013\/","og_locale":"es_ES","og_type":"article","og_title":"Lo mejor para 2013 - Desahuciados","og_description":"V\u00eddeo-invitaci\u00f3n realizado en 2008.","og_url":"https:\/\/www.tallerparentesis.com\/desahuciados\/lo-mejor-para-2013\/","og_site_name":"Desahuciados","article_publisher":"https:\/\/es-es.facebook.com\/tallerparentesismalaga","article_author":"https:\/\/www.facebook.com\/rafael.caumel","article_published_time":"2013-01-01T21:00:35+00:00","article_modified_time":"2019-01-09T10:57:25+00:00","author":"Rafa Caumel","twitter_card":"summary_large_image","twitter_creator":"@RafaCaumel","twitter_site":"@tallerparentsis","twitter_misc":{"Escrito por":"Rafa Caumel"},"schema":{"@context":"https:\/\/schema.org","@graph":[{"@type":"WebPage","@id":"https:\/\/www.tallerparentesis.com\/desahuciados\/lo-mejor-para-2013\/","url":"https:\/\/www.tallerparentesis.com\/desahuciados\/lo-mejor-para-2013\/","name":"Lo mejor para 2013 - Desahuciados","isPartOf":{"@id":"https:\/\/www.tallerparentesis.com\/desahuciados\/#website"},"datePublished":"2013-01-01T21:00:35+00:00","dateModified":"2019-01-09T10:57:25+00:00","author":{"@id":"https:\/\/www.tallerparentesis.com\/desahuciados\/#\/schema\/person\/f52cf9a129615314de650025d46aaac9"},"breadcrumb":{"@id":"https:\/\/www.tallerparentesis.com\/desahuciados\/lo-mejor-para-2013\/#breadcrumb"},"inLanguage":"es","potentialAction":[{"@type":"ReadAction","target":["https:\/\/www.tallerparentesis.com\/desahuciados\/lo-mejor-para-2013\/"]}]},{"@type":"BreadcrumbList","@id":"https:\/\/www.tallerparentesis.com\/desahuciados\/lo-mejor-para-2013\/#breadcrumb","itemListElement":[{"@type":"ListItem","position":1,"name":"Portada","item":"https:\/\/www.tallerparentesis.com\/desahuciados\/"},{"@type":"ListItem","position":2,"name":"Lo mejor para 2013"}]},{"@type":"WebSite","@id":"https:\/\/www.tallerparentesis.com\/desahuciados\/#website","url":"https:\/\/www.tallerparentesis.com\/desahuciados\/","name":"Desahuciados","description":"Relatos de la Crisis","potentialAction":[{"@type":"SearchAction","target":{"@type":"EntryPoint","urlTemplate":"https:\/\/www.tallerparentesis.com\/desahuciados\/?s={search_term_string}"},"query-input":"required name=search_term_string"}],"inLanguage":"es"},{"@type":"Person","@id":"https:\/\/www.tallerparentesis.com\/desahuciados\/#\/schema\/person\/f52cf9a129615314de650025d46aaac9","name":"Rafa Caumel","image":{"@type":"ImageObject","inLanguage":"es","@id":"https:\/\/www.tallerparentesis.com\/desahuciados\/#\/schema\/person\/image\/","url":"https:\/\/secure.gravatar.com\/avatar\/e2f7dcb38e6c2a0b458cf2d7108871fd?s=96&d=mm&r=g","contentUrl":"https:\/\/secure.gravatar.com\/avatar\/e2f7dcb38e6c2a0b458cf2d7108871fd?s=96&d=mm&r=g","caption":"Rafa Caumel"},"description":"Director de Par\u00e9ntesis y de la editorial At\u00f3nitos. Fund\u00f3 y dirigi\u00f3 el peri\u00f3dico literario Par\u00e9ntesis y la revista FahrenheitXXI. Es ingeniero y escritor.","sameAs":["https:\/\/www.tallerparentesis.com\/taller-de-escritura-creativa-de-malaga\/profesor-escritura-malaga\/","https:\/\/www.facebook.com\/rafael.caumel","https:\/\/twitter.com\/RafaCaumel"],"url":"https:\/\/www.tallerparentesis.com\/desahuciados\/author\/rafael\/"}]}},"_links":{"self":[{"href":"https:\/\/www.tallerparentesis.com\/desahuciados\/wp-json\/wp\/v2\/posts\/363"}],"collection":[{"href":"https:\/\/www.tallerparentesis.com\/desahuciados\/wp-json\/wp\/v2\/posts"}],"about":[{"href":"https:\/\/www.tallerparentesis.com\/desahuciados\/wp-json\/wp\/v2\/types\/post"}],"author":[{"embeddable":true,"href":"https:\/\/www.tallerparentesis.com\/desahuciados\/wp-json\/wp\/v2\/users\/3"}],"replies":[{"embeddable":true,"href":"https:\/\/www.tallerparentesis.com\/desahuciados\/wp-json\/wp\/v2\/comments?post=363"}],"version-history":[{"count":18,"href":"https:\/\/www.tallerparentesis.com\/desahuciados\/wp-json\/wp\/v2\/posts\/363\/revisions"}],"predecessor-version":[{"id":1362,"href":"https:\/\/www.tallerparentesis.com\/desahuciados\/wp-json\/wp\/v2\/posts\/363\/revisions\/1362"}],"wp:attachment":[{"href":"https:\/\/www.tallerparentesis.com\/desahuciados\/wp-json\/wp\/v2\/media?parent=363"}],"wp:term":[{"taxonomy":"category","embeddable":true,"href":"https:\/\/www.tallerparentesis.com\/desahuciados\/wp-json\/wp\/v2\/categories?post=363"},{"taxonomy":"post_tag","embeddable":true,"href":"https:\/\/www.tallerparentesis.com\/desahuciados\/wp-json\/wp\/v2\/tags?post=363"}],"curies":[{"name":"wp","href":"https:\/\/api.w.org\/{rel}","templated":true}]}}