{"id":453,"date":"2013-01-08T09:06:26","date_gmt":"2013-01-08T08:06:26","guid":{"rendered":"https:\/\/www.tallerparentesis.com\/desahuciados\/?p=453"},"modified":"2013-01-09T10:41:57","modified_gmt":"2013-01-09T09:41:57","slug":"tematica-del-libro","status":"publish","type":"post","link":"https:\/\/www.tallerparentesis.com\/desahuciados\/tematica-del-libro\/","title":{"rendered":"Tem\u00e1tica del libro"},"content":{"rendered":"<p style=\"text-align: justify;\">Estamos recibiendo muchas colaboraciones cuyo motivo principal son los desahucios, pero queremos recordaros que la tem\u00e1tica del libro es m\u00e1s amplia: la crisis. En la selecci\u00f3n de relatos atenderemos tambi\u00e9n a la variedad de situaciones que la actual recesi\u00f3n (econ\u00f3mica e ideol\u00f3gica) est\u00e1 produciendo.<\/p>\n<p style=\"text-align: justify;\">Muchas gracias por la amable acogida que le hab\u00e9is dado a este proyecto.<\/p>\n","protected":false},"excerpt":{"rendered":"<p>Estamos recibiendo muchas colaboraciones cuyo motivo principal son los desahucios, pero queremos recordaros que la tem\u00e1tica del libro es m\u00e1s amplia: la crisis. En la selecci\u00f3n de relatos atenderemos tambi\u00e9n a la variedad de situaciones que la actual recesi\u00f3n (econ\u00f3mica &hellip; <a href=\"https:\/\/www.tallerparentesis.com\/desahuciados\/tematica-del-libro\/\">Sigue leyendo <span class=\"meta-nav\">&rarr;<\/span><\/a><\/p>\n","protected":false},"author":8,"featured_media":0,"comment_status":"open","ping_status":"open","sticky":false,"template":"","format":"standard","meta":{"footnotes":""},"categories":[10],"tags":[],"yoast_head":"<!-- This site is optimized with the Yoast SEO plugin v22.3 - https:\/\/yoast.com\/wordpress\/plugins\/seo\/ -->\n<title>Tem\u00e1tica del libro - Desahuciados<\/title>\n<meta name=\"robots\" content=\"index, follow, max-snippet:-1, max-image-preview:large, max-video-preview:-1\" \/>\n<link rel=\"canonical\" href=\"https:\/\/www.tallerparentesis.com\/desahuciados\/tematica-del-libro\/\" \/>\n<meta property=\"og:locale\" content=\"es_ES\" \/>\n<meta property=\"og:type\" content=\"article\" \/>\n<meta property=\"og:title\" content=\"Tem\u00e1tica del libro - Desahuciados\" \/>\n<meta property=\"og:description\" content=\"Estamos recibiendo muchas colaboraciones cuyo motivo principal son los desahucios, pero queremos recordaros que la tem\u00e1tica del libro es m\u00e1s amplia: la crisis. En la selecci\u00f3n de relatos atenderemos tambi\u00e9n a la variedad de situaciones que la actual recesi\u00f3n (econ\u00f3mica &hellip; Sigue leyendo &rarr;\" \/>\n<meta property=\"og:url\" content=\"https:\/\/www.tallerparentesis.com\/desahuciados\/tematica-del-libro\/\" \/>\n<meta property=\"og:site_name\" content=\"Desahuciados\" \/>\n<meta property=\"article:publisher\" content=\"https:\/\/es-es.facebook.com\/tallerparentesismalaga\" \/>\n<meta property=\"article:published_time\" content=\"2013-01-08T08:06:26+00:00\" \/>\n<meta property=\"article:modified_time\" content=\"2013-01-09T09:41:57+00:00\" \/>\n<meta name=\"author\" content=\"Par\u00e9ntesis\" \/>\n<meta name=\"twitter:card\" content=\"summary_large_image\" \/>\n<meta name=\"twitter:creator\" content=\"@tallerparentsis\" \/>\n<meta name=\"twitter:site\" content=\"@tallerparentsis\" \/>\n<meta name=\"twitter:label1\" content=\"Escrito por\" \/>\n\t<meta name=\"twitter:data1\" content=\"Par\u00e9ntesis\" \/>\n<script type=\"application\/ld+json\" class=\"yoast-schema-graph\">{\"@context\":\"https:\/\/schema.org\",\"@graph\":[{\"@type\":\"WebPage\",\"@id\":\"https:\/\/www.tallerparentesis.com\/desahuciados\/tematica-del-libro\/\",\"url\":\"https:\/\/www.tallerparentesis.com\/desahuciados\/tematica-del-libro\/\",\"name\":\"Tem\u00e1tica del libro - Desahuciados\",\"isPartOf\":{\"@id\":\"https:\/\/www.tallerparentesis.com\/desahuciados\/#website\"},\"datePublished\":\"2013-01-08T08:06:26+00:00\",\"dateModified\":\"2013-01-09T09:41:57+00:00\",\"author\":{\"@id\":\"https:\/\/www.tallerparentesis.com\/desahuciados\/#\/schema\/person\/afebed9740e55fb5e0cbe981ed8eb608\"},\"breadcrumb\":{\"@id\":\"https:\/\/www.tallerparentesis.com\/desahuciados\/tematica-del-libro\/#breadcrumb\"},\"inLanguage\":\"es\",\"potentialAction\":[{\"@type\":\"ReadAction\",\"target\":[\"https:\/\/www.tallerparentesis.com\/desahuciados\/tematica-del-libro\/\"]}]},{\"@type\":\"BreadcrumbList\",\"@id\":\"https:\/\/www.tallerparentesis.com\/desahuciados\/tematica-del-libro\/#breadcrumb\",\"itemListElement\":[{\"@type\":\"ListItem\",\"position\":1,\"name\":\"Portada\",\"item\":\"https:\/\/www.tallerparentesis.com\/desahuciados\/\"},{\"@type\":\"ListItem\",\"position\":2,\"name\":\"Tem\u00e1tica del libro\"}]},{\"@type\":\"WebSite\",\"@id\":\"https:\/\/www.tallerparentesis.com\/desahuciados\/#website\",\"url\":\"https:\/\/www.tallerparentesis.com\/desahuciados\/\",\"name\":\"Desahuciados\",\"description\":\"Relatos de la Crisis\",\"potentialAction\":[{\"@type\":\"SearchAction\",\"target\":{\"@type\":\"EntryPoint\",\"urlTemplate\":\"https:\/\/www.tallerparentesis.com\/desahuciados\/?s={search_term_string}\"},\"query-input\":\"required name=search_term_string\"}],\"inLanguage\":\"es\"},{\"@type\":\"Person\",\"@id\":\"https:\/\/www.tallerparentesis.com\/desahuciados\/#\/schema\/person\/afebed9740e55fb5e0cbe981ed8eb608\",\"name\":\"Par\u00e9ntesis\",\"image\":{\"@type\":\"ImageObject\",\"inLanguage\":\"es\",\"@id\":\"https:\/\/www.tallerparentesis.com\/desahuciados\/#\/schema\/person\/image\/\",\"url\":\"https:\/\/secure.gravatar.com\/avatar\/311e2ddc353c878438b3e30ddb33facb?s=96&d=mm&r=g\",\"contentUrl\":\"https:\/\/secure.gravatar.com\/avatar\/311e2ddc353c878438b3e30ddb33facb?s=96&d=mm&r=g\",\"caption\":\"Par\u00e9ntesis\"},\"sameAs\":[\"https:\/\/www.tallerparentesis.com\"],\"url\":\"https:\/\/www.tallerparentesis.com\/desahuciados\/author\/parentesis\/\"}]}<\/script>\n<!-- \/ Yoast SEO plugin. -->","yoast_head_json":{"title":"Tem\u00e1tica del libro - Desahuciados","robots":{"index":"index","follow":"follow","max-snippet":"max-snippet:-1","max-image-preview":"max-image-preview:large","max-video-preview":"max-video-preview:-1"},"canonical":"https:\/\/www.tallerparentesis.com\/desahuciados\/tematica-del-libro\/","og_locale":"es_ES","og_type":"article","og_title":"Tem\u00e1tica del libro - Desahuciados","og_description":"Estamos recibiendo muchas colaboraciones cuyo motivo principal son los desahucios, pero queremos recordaros que la tem\u00e1tica del libro es m\u00e1s amplia: la crisis. En la selecci\u00f3n de relatos atenderemos tambi\u00e9n a la variedad de situaciones que la actual recesi\u00f3n (econ\u00f3mica &hellip; Sigue leyendo &rarr;","og_url":"https:\/\/www.tallerparentesis.com\/desahuciados\/tematica-del-libro\/","og_site_name":"Desahuciados","article_publisher":"https:\/\/es-es.facebook.com\/tallerparentesismalaga","article_published_time":"2013-01-08T08:06:26+00:00","article_modified_time":"2013-01-09T09:41:57+00:00","author":"Par\u00e9ntesis","twitter_card":"summary_large_image","twitter_creator":"@tallerparentsis","twitter_site":"@tallerparentsis","twitter_misc":{"Escrito por":"Par\u00e9ntesis"},"schema":{"@context":"https:\/\/schema.org","@graph":[{"@type":"WebPage","@id":"https:\/\/www.tallerparentesis.com\/desahuciados\/tematica-del-libro\/","url":"https:\/\/www.tallerparentesis.com\/desahuciados\/tematica-del-libro\/","name":"Tem\u00e1tica del libro - Desahuciados","isPartOf":{"@id":"https:\/\/www.tallerparentesis.com\/desahuciados\/#website"},"datePublished":"2013-01-08T08:06:26+00:00","dateModified":"2013-01-09T09:41:57+00:00","author":{"@id":"https:\/\/www.tallerparentesis.com\/desahuciados\/#\/schema\/person\/afebed9740e55fb5e0cbe981ed8eb608"},"breadcrumb":{"@id":"https:\/\/www.tallerparentesis.com\/desahuciados\/tematica-del-libro\/#breadcrumb"},"inLanguage":"es","potentialAction":[{"@type":"ReadAction","target":["https:\/\/www.tallerparentesis.com\/desahuciados\/tematica-del-libro\/"]}]},{"@type":"BreadcrumbList","@id":"https:\/\/www.tallerparentesis.com\/desahuciados\/tematica-del-libro\/#breadcrumb","itemListElement":[{"@type":"ListItem","position":1,"name":"Portada","item":"https:\/\/www.tallerparentesis.com\/desahuciados\/"},{"@type":"ListItem","position":2,"name":"Tem\u00e1tica del libro"}]},{"@type":"WebSite","@id":"https:\/\/www.tallerparentesis.com\/desahuciados\/#website","url":"https:\/\/www.tallerparentesis.com\/desahuciados\/","name":"Desahuciados","description":"Relatos de la Crisis","potentialAction":[{"@type":"SearchAction","target":{"@type":"EntryPoint","urlTemplate":"https:\/\/www.tallerparentesis.com\/desahuciados\/?s={search_term_string}"},"query-input":"required name=search_term_string"}],"inLanguage":"es"},{"@type":"Person","@id":"https:\/\/www.tallerparentesis.com\/desahuciados\/#\/schema\/person\/afebed9740e55fb5e0cbe981ed8eb608","name":"Par\u00e9ntesis","image":{"@type":"ImageObject","inLanguage":"es","@id":"https:\/\/www.tallerparentesis.com\/desahuciados\/#\/schema\/person\/image\/","url":"https:\/\/secure.gravatar.com\/avatar\/311e2ddc353c878438b3e30ddb33facb?s=96&d=mm&r=g","contentUrl":"https:\/\/secure.gravatar.com\/avatar\/311e2ddc353c878438b3e30ddb33facb?s=96&d=mm&r=g","caption":"Par\u00e9ntesis"},"sameAs":["https:\/\/www.tallerparentesis.com"],"url":"https:\/\/www.tallerparentesis.com\/desahuciados\/author\/parentesis\/"}]}},"_links":{"self":[{"href":"https:\/\/www.tallerparentesis.com\/desahuciados\/wp-json\/wp\/v2\/posts\/453"}],"collection":[{"href":"https:\/\/www.tallerparentesis.com\/desahuciados\/wp-json\/wp\/v2\/posts"}],"about":[{"href":"https:\/\/www.tallerparentesis.com\/desahuciados\/wp-json\/wp\/v2\/types\/post"}],"author":[{"embeddable":true,"href":"https:\/\/www.tallerparentesis.com\/desahuciados\/wp-json\/wp\/v2\/users\/8"}],"replies":[{"embeddable":true,"href":"https:\/\/www.tallerparentesis.com\/desahuciados\/wp-json\/wp\/v2\/comments?post=453"}],"version-history":[{"count":5,"href":"https:\/\/www.tallerparentesis.com\/desahuciados\/wp-json\/wp\/v2\/posts\/453\/revisions"}],"predecessor-version":[{"id":459,"href":"https:\/\/www.tallerparentesis.com\/desahuciados\/wp-json\/wp\/v2\/posts\/453\/revisions\/459"}],"wp:attachment":[{"href":"https:\/\/www.tallerparentesis.com\/desahuciados\/wp-json\/wp\/v2\/media?parent=453"}],"wp:term":[{"taxonomy":"category","embeddable":true,"href":"https:\/\/www.tallerparentesis.com\/desahuciados\/wp-json\/wp\/v2\/categories?post=453"},{"taxonomy":"post_tag","embeddable":true,"href":"https:\/\/www.tallerparentesis.com\/desahuciados\/wp-json\/wp\/v2\/tags?post=453"}],"curies":[{"name":"wp","href":"https:\/\/api.w.org\/{rel}","templated":true}]}}