{"id":998,"date":"2013-03-19T18:19:30","date_gmt":"2013-03-19T17:19:30","guid":{"rendered":"https:\/\/www.tallerparentesis.com\/desahuciados\/?p=998"},"modified":"2013-03-19T18:19:54","modified_gmt":"2013-03-19T17:19:54","slug":"felicitacion-iv","status":"publish","type":"post","link":"https:\/\/www.tallerparentesis.com\/desahuciados\/felicitacion-iv\/","title":{"rendered":"Felicitaci\u00f3n (IV)"},"content":{"rendered":"<p style=\"text-align: right\">D\u00fcsseldorf, 16 de marzo de 2013<\/p>\n<p>Querido Rafael:<\/p>\n<p style=\"text-align: justify\">Por fin he tenido una alegr\u00eda; la necesitaba desde hac\u00eda tiempo. \u00bfQuieres que te cuente a qu\u00e9 se debe?<br \/>\nHace dos semanas (los lunes por la tarde libramos en el trabajo), junto a mi compa\u00f1ero de piso, Argus M\u00e1rkaris, caminamos bajo la lluvia hasta una calle angosta y poco iluminada, detr\u00e1s de la estaci\u00f3n del ferrocarril. Refugiados bajo el peque\u00f1o paraguas de Argus llegamos con los hombros empapados a un antiguo club de baile que \u00e9l conoc\u00eda, el <em>Die Ecke der Leidenschaft<\/em>. Sobre el umbral de la fachada, una pareja dise\u00f1ada con tubos de ne\u00f3n celeste repet\u00eda invariablemente tres pasos de baile. En la semioscuridad del interior ol\u00eda a una mezcla avinagrada de cerveza y maquillaje barato. A la izquierda, alrededor de unos veladores de m\u00e1rmol, estaban sentadas quince o veinte mujeres, quiz\u00e1 jubiladas o viudas; en el lado opuesto, acodados en la barra y simulando aplomo, ocho o diez j\u00f3venes, sin duda inmigrantes, esperaban ser elegidos para bailar. En el centro, sobre la reducida pista redonda, dos parejas se mov\u00edan torpemente al comp\u00e1s de <em>Que c&#8217;est triste Venice<\/em>, apret\u00e1ndose bajo los lunares blancos de luz que desprend\u00eda una bola espejada colgada del techo.<br \/>\nLa se\u00f1ora Angelika Schulz, una b\u00e1vara m\u00e1s alta que yo y el doble de ancha, sab\u00eda suficiente espa\u00f1ol. Mientras bail\u00e1bamos me cont\u00f3 que hab\u00eda convivido once a\u00f1os con Eduardo, un comunista valenciano y exiliado, que prefiri\u00f3 permanecer junto a ella en D\u00fcseldorf hasta que una ma\u00f1ana, abstra\u00eddo en la lectura del <em>Mundo Obrero<\/em>, un autob\u00fas lo aplast\u00f3 en la Carlsplatz. En ese tiempo, y durante sus vacaciones en Alicante, Eduardo la convirti\u00f3 en una devota de Lenin. Cuando yo le detall\u00e9 que trabajaba en el<em> Hotel Konditorei<\/em>, que el banco me hab\u00eda desahuciado y que desde hac\u00eda un mes mi madre descansaba en la eternidad, a la se\u00f1ora Schulz le resbalaron dos espesos lagrimones como car\u00e1mbanos ca\u00eddos desde los aleros de sus pesta\u00f1as postizas. No hab\u00eda terminado Gloria Lasso con su <em>B\u00e9same mucho<\/em> cuando la se\u00f1ora Schulz se separ\u00f3 bruscamente unos cent\u00edmetros de m\u00ed; levant\u00f3 el pu\u00f1o derecho por encima de su cabeza rubia platino y exclam\u00f3 solemnemente: \u00ab\u00a1Viva la Revoluci\u00f3n, viva Espa\u00f1a y viva mi novio!\u00bb Cuando salimos del <em>Die Ecke der Leidenschaft<\/em> hac\u00eda fr\u00edo; le tiritaba la barbilla y yo le ofrec\u00ed mi chaqueta para que no se resfriara.<br \/>\nDesde que la se\u00f1ora Schulz determin\u00f3 que fuese su novio, las cosas me han ido mejor: los domingos por la tarde voy a su casa y me quedo a dormir; llevo impecables los cuellos de las camisas y la raya de mi pantal\u00f3n azul marino; como <em>Eisbein<\/em> (riqu\u00edsimo codillo de cerdo asado) y <em>Strudel<\/em>, una tarta celestial de manzana que la se\u00f1ora Schulz me ofrece acompa\u00f1\u00e1ndola con un gui\u00f1o picar\u00f3n: \u00abPara que te pongas fuerte y bravo\u00bb, me dice.<br \/>\nAprendo, querido Rafael, cosas insospechadas; por ejemplo, respecto al sexo. A pesar de su corpulencia y sin previo aviso, la se\u00f1ora Schulz puede dar un salto ol\u00edmpico sobre la cama, girar en el aire y posarse otra vez a cuatro patas: es su se\u00f1al para invitarme a que me adentre\u2026 Pero estas son cosas que un caballero debe callar. Aunque no me resistir\u00e9 a confesarte que s\u00f3lo alcanza su fren\u00e9tico apogeo cuando fija la mirada en el enorme p\u00f3ster clavado en la pared, sobre el cabecero: en \u00e9l (es obvio que despu\u00e9s de un trucaje de imprenta) aparece Lenin estrechando amigablemente la mano a Eduardo. Despu\u00e9s me ovillo y cobijo entre sus brazos como un ping\u00fcino bajo el cuerpo de su madre: me envuelve la serenidad de los anocheceres de M\u00e1laga y una espesa somnolencia de miel.<br \/>\nLa se\u00f1ora Schulz me ha regalado la biblioteca de su difunto. Cuenta con unos doscientos tomos y otras tantas revistas que leo sin orden y con avidez: Marx, Marta Heinneker, \u2018Playboy\u2019, Althusser, Kafka, vi\u00f1etas de Mafalda\u2026 Aprendo, querido Rafael, cosas que hasta ahora eran insospechadas para m\u00ed.<\/p>\n<p style=\"text-align: justify\">Un abrazo.<\/p>\n","protected":false},"excerpt":{"rendered":"<p>D\u00fcsseldorf, 16 de marzo de 2013 Querido Rafael: Por fin he tenido una alegr\u00eda; la necesitaba desde hac\u00eda tiempo. \u00bfQuieres que te cuente a qu\u00e9 se debe? Hace dos semanas (los lunes por la tarde libramos en el trabajo), junto &hellip; <a href=\"https:\/\/www.tallerparentesis.com\/desahuciados\/felicitacion-iv\/\">Sigue leyendo <span class=\"meta-nav\">&rarr;<\/span><\/a><\/p>\n","protected":false},"author":9,"featured_media":0,"comment_status":"open","ping_status":"open","sticky":false,"template":"","format":"standard","meta":{"footnotes":""},"categories":[5],"tags":[],"yoast_head":"<!-- This site is optimized with the Yoast SEO plugin v22.3 - https:\/\/yoast.com\/wordpress\/plugins\/seo\/ -->\n<title>Felicitaci\u00f3n (IV) - Desahuciados<\/title>\n<meta name=\"robots\" content=\"index, follow, max-snippet:-1, max-image-preview:large, max-video-preview:-1\" \/>\n<link rel=\"canonical\" href=\"https:\/\/www.tallerparentesis.com\/desahuciados\/felicitacion-iv\/\" \/>\n<meta property=\"og:locale\" content=\"es_ES\" \/>\n<meta property=\"og:type\" content=\"article\" \/>\n<meta property=\"og:title\" content=\"Felicitaci\u00f3n (IV) - Desahuciados\" \/>\n<meta property=\"og:description\" content=\"D\u00fcsseldorf, 16 de marzo de 2013 Querido Rafael: Por fin he tenido una alegr\u00eda; la necesitaba desde hac\u00eda tiempo. \u00bfQuieres que te cuente a qu\u00e9 se debe? Hace dos semanas (los lunes por la tarde libramos en el trabajo), junto &hellip; Sigue leyendo &rarr;\" \/>\n<meta property=\"og:url\" content=\"https:\/\/www.tallerparentesis.com\/desahuciados\/felicitacion-iv\/\" \/>\n<meta property=\"og:site_name\" content=\"Desahuciados\" \/>\n<meta property=\"article:publisher\" content=\"https:\/\/es-es.facebook.com\/tallerparentesismalaga\" \/>\n<meta property=\"article:published_time\" content=\"2013-03-19T17:19:30+00:00\" \/>\n<meta property=\"article:modified_time\" content=\"2013-03-19T17:19:54+00:00\" \/>\n<meta name=\"author\" content=\"Antonio Almansa\" \/>\n<meta name=\"twitter:card\" content=\"summary_large_image\" \/>\n<meta name=\"twitter:creator\" content=\"@tallerparentsis\" \/>\n<meta name=\"twitter:site\" content=\"@tallerparentsis\" \/>\n<meta name=\"twitter:label1\" content=\"Escrito por\" \/>\n\t<meta name=\"twitter:data1\" content=\"Antonio Almansa\" \/>\n\t<meta name=\"twitter:label2\" content=\"Tiempo de lectura\" \/>\n\t<meta name=\"twitter:data2\" content=\"4 minutos\" \/>\n<script type=\"application\/ld+json\" class=\"yoast-schema-graph\">{\"@context\":\"https:\/\/schema.org\",\"@graph\":[{\"@type\":\"WebPage\",\"@id\":\"https:\/\/www.tallerparentesis.com\/desahuciados\/felicitacion-iv\/\",\"url\":\"https:\/\/www.tallerparentesis.com\/desahuciados\/felicitacion-iv\/\",\"name\":\"Felicitaci\u00f3n (IV) - Desahuciados\",\"isPartOf\":{\"@id\":\"https:\/\/www.tallerparentesis.com\/desahuciados\/#website\"},\"datePublished\":\"2013-03-19T17:19:30+00:00\",\"dateModified\":\"2013-03-19T17:19:54+00:00\",\"author\":{\"@id\":\"https:\/\/www.tallerparentesis.com\/desahuciados\/#\/schema\/person\/a6513cddf1f207fd6eda63092385ff9c\"},\"breadcrumb\":{\"@id\":\"https:\/\/www.tallerparentesis.com\/desahuciados\/felicitacion-iv\/#breadcrumb\"},\"inLanguage\":\"es\",\"potentialAction\":[{\"@type\":\"ReadAction\",\"target\":[\"https:\/\/www.tallerparentesis.com\/desahuciados\/felicitacion-iv\/\"]}]},{\"@type\":\"BreadcrumbList\",\"@id\":\"https:\/\/www.tallerparentesis.com\/desahuciados\/felicitacion-iv\/#breadcrumb\",\"itemListElement\":[{\"@type\":\"ListItem\",\"position\":1,\"name\":\"Portada\",\"item\":\"https:\/\/www.tallerparentesis.com\/desahuciados\/\"},{\"@type\":\"ListItem\",\"position\":2,\"name\":\"Felicitaci\u00f3n (IV)\"}]},{\"@type\":\"WebSite\",\"@id\":\"https:\/\/www.tallerparentesis.com\/desahuciados\/#website\",\"url\":\"https:\/\/www.tallerparentesis.com\/desahuciados\/\",\"name\":\"Desahuciados\",\"description\":\"Relatos de la Crisis\",\"potentialAction\":[{\"@type\":\"SearchAction\",\"target\":{\"@type\":\"EntryPoint\",\"urlTemplate\":\"https:\/\/www.tallerparentesis.com\/desahuciados\/?s={search_term_string}\"},\"query-input\":\"required name=search_term_string\"}],\"inLanguage\":\"es\"},{\"@type\":\"Person\",\"@id\":\"https:\/\/www.tallerparentesis.com\/desahuciados\/#\/schema\/person\/a6513cddf1f207fd6eda63092385ff9c\",\"name\":\"Antonio Almansa\",\"image\":{\"@type\":\"ImageObject\",\"inLanguage\":\"es\",\"@id\":\"https:\/\/www.tallerparentesis.com\/desahuciados\/#\/schema\/person\/image\/\",\"url\":\"https:\/\/secure.gravatar.com\/avatar\/26cae7099325e1c9fcee51d053c0d514?s=96&d=mm&r=g\",\"contentUrl\":\"https:\/\/secure.gravatar.com\/avatar\/26cae7099325e1c9fcee51d053c0d514?s=96&d=mm&r=g\",\"caption\":\"Antonio Almansa\"},\"description\":\"Fundador del Taller de Escritura Par\u00e9ntesis, en 1988. Ha impartido cursos de escritura creativa en Madrid, Valencia, Vitoria, Oviedo y M\u00e1laga, y ha sido profesor invitado en Buenos Aires (Argentina) y Siena (Italia).\",\"url\":\"https:\/\/www.tallerparentesis.com\/desahuciados\/author\/aalmansa\/\"}]}<\/script>\n<!-- \/ Yoast SEO plugin. -->","yoast_head_json":{"title":"Felicitaci\u00f3n (IV) - Desahuciados","robots":{"index":"index","follow":"follow","max-snippet":"max-snippet:-1","max-image-preview":"max-image-preview:large","max-video-preview":"max-video-preview:-1"},"canonical":"https:\/\/www.tallerparentesis.com\/desahuciados\/felicitacion-iv\/","og_locale":"es_ES","og_type":"article","og_title":"Felicitaci\u00f3n (IV) - Desahuciados","og_description":"D\u00fcsseldorf, 16 de marzo de 2013 Querido Rafael: Por fin he tenido una alegr\u00eda; la necesitaba desde hac\u00eda tiempo. \u00bfQuieres que te cuente a qu\u00e9 se debe? Hace dos semanas (los lunes por la tarde libramos en el trabajo), junto &hellip; Sigue leyendo &rarr;","og_url":"https:\/\/www.tallerparentesis.com\/desahuciados\/felicitacion-iv\/","og_site_name":"Desahuciados","article_publisher":"https:\/\/es-es.facebook.com\/tallerparentesismalaga","article_published_time":"2013-03-19T17:19:30+00:00","article_modified_time":"2013-03-19T17:19:54+00:00","author":"Antonio Almansa","twitter_card":"summary_large_image","twitter_creator":"@tallerparentsis","twitter_site":"@tallerparentsis","twitter_misc":{"Escrito por":"Antonio Almansa","Tiempo de lectura":"4 minutos"},"schema":{"@context":"https:\/\/schema.org","@graph":[{"@type":"WebPage","@id":"https:\/\/www.tallerparentesis.com\/desahuciados\/felicitacion-iv\/","url":"https:\/\/www.tallerparentesis.com\/desahuciados\/felicitacion-iv\/","name":"Felicitaci\u00f3n (IV) - Desahuciados","isPartOf":{"@id":"https:\/\/www.tallerparentesis.com\/desahuciados\/#website"},"datePublished":"2013-03-19T17:19:30+00:00","dateModified":"2013-03-19T17:19:54+00:00","author":{"@id":"https:\/\/www.tallerparentesis.com\/desahuciados\/#\/schema\/person\/a6513cddf1f207fd6eda63092385ff9c"},"breadcrumb":{"@id":"https:\/\/www.tallerparentesis.com\/desahuciados\/felicitacion-iv\/#breadcrumb"},"inLanguage":"es","potentialAction":[{"@type":"ReadAction","target":["https:\/\/www.tallerparentesis.com\/desahuciados\/felicitacion-iv\/"]}]},{"@type":"BreadcrumbList","@id":"https:\/\/www.tallerparentesis.com\/desahuciados\/felicitacion-iv\/#breadcrumb","itemListElement":[{"@type":"ListItem","position":1,"name":"Portada","item":"https:\/\/www.tallerparentesis.com\/desahuciados\/"},{"@type":"ListItem","position":2,"name":"Felicitaci\u00f3n (IV)"}]},{"@type":"WebSite","@id":"https:\/\/www.tallerparentesis.com\/desahuciados\/#website","url":"https:\/\/www.tallerparentesis.com\/desahuciados\/","name":"Desahuciados","description":"Relatos de la Crisis","potentialAction":[{"@type":"SearchAction","target":{"@type":"EntryPoint","urlTemplate":"https:\/\/www.tallerparentesis.com\/desahuciados\/?s={search_term_string}"},"query-input":"required name=search_term_string"}],"inLanguage":"es"},{"@type":"Person","@id":"https:\/\/www.tallerparentesis.com\/desahuciados\/#\/schema\/person\/a6513cddf1f207fd6eda63092385ff9c","name":"Antonio Almansa","image":{"@type":"ImageObject","inLanguage":"es","@id":"https:\/\/www.tallerparentesis.com\/desahuciados\/#\/schema\/person\/image\/","url":"https:\/\/secure.gravatar.com\/avatar\/26cae7099325e1c9fcee51d053c0d514?s=96&d=mm&r=g","contentUrl":"https:\/\/secure.gravatar.com\/avatar\/26cae7099325e1c9fcee51d053c0d514?s=96&d=mm&r=g","caption":"Antonio Almansa"},"description":"Fundador del Taller de Escritura Par\u00e9ntesis, en 1988. Ha impartido cursos de escritura creativa en Madrid, Valencia, Vitoria, Oviedo y M\u00e1laga, y ha sido profesor invitado en Buenos Aires (Argentina) y Siena (Italia).","url":"https:\/\/www.tallerparentesis.com\/desahuciados\/author\/aalmansa\/"}]}},"_links":{"self":[{"href":"https:\/\/www.tallerparentesis.com\/desahuciados\/wp-json\/wp\/v2\/posts\/998"}],"collection":[{"href":"https:\/\/www.tallerparentesis.com\/desahuciados\/wp-json\/wp\/v2\/posts"}],"about":[{"href":"https:\/\/www.tallerparentesis.com\/desahuciados\/wp-json\/wp\/v2\/types\/post"}],"author":[{"embeddable":true,"href":"https:\/\/www.tallerparentesis.com\/desahuciados\/wp-json\/wp\/v2\/users\/9"}],"replies":[{"embeddable":true,"href":"https:\/\/www.tallerparentesis.com\/desahuciados\/wp-json\/wp\/v2\/comments?post=998"}],"version-history":[{"count":2,"href":"https:\/\/www.tallerparentesis.com\/desahuciados\/wp-json\/wp\/v2\/posts\/998\/revisions"}],"predecessor-version":[{"id":1000,"href":"https:\/\/www.tallerparentesis.com\/desahuciados\/wp-json\/wp\/v2\/posts\/998\/revisions\/1000"}],"wp:attachment":[{"href":"https:\/\/www.tallerparentesis.com\/desahuciados\/wp-json\/wp\/v2\/media?parent=998"}],"wp:term":[{"taxonomy":"category","embeddable":true,"href":"https:\/\/www.tallerparentesis.com\/desahuciados\/wp-json\/wp\/v2\/categories?post=998"},{"taxonomy":"post_tag","embeddable":true,"href":"https:\/\/www.tallerparentesis.com\/desahuciados\/wp-json\/wp\/v2\/tags?post=998"}],"curies":[{"name":"wp","href":"https:\/\/api.w.org\/{rel}","templated":true}]}}