{"id":229,"date":"2015-06-27T13:24:01","date_gmt":"2015-06-27T12:24:01","guid":{"rendered":"https:\/\/www.tallerparentesis.com\/inoportunos\/?p=229"},"modified":"2015-08-04T20:47:44","modified_gmt":"2015-08-04T19:47:44","slug":"el-arte-de-matar-el-tiempo","status":"publish","type":"post","link":"https:\/\/www.tallerparentesis.com\/inoportunos\/el-arte-de-matar-el-tiempo\/","title":{"rendered":"El arte de matar el tiempo"},"content":{"rendered":"<p><strong>por\u00a0Jos\u00e9 Mar\u00eda S\u00e1nchez Alfonso<\/strong><\/p>\n<p>Vamos con la lengua fuera, y casi siempre es una falsa prisa. Nadie nos hace correr cuando nos pregunta a d\u00f3nde vamos y contestamos \u201cte dejo que tengo prisa\u201d, y seguimos en nuestra \u00edntima carrera, ese correr por af\u00e1n de hacer m\u00e1s cosas, por querer sortear el tiempo o evitarlo mediante el olvido. Es el insufrible d\u00eda a d\u00eda de los que se marcan obligaciones al tunt\u00fan para no dejarse atrapar por el Tiempo.<\/p>\n<p>Y eso se hace evidente cada vez que la manilla larga del reloj se acerca a las doce, veinticuatro veces al d\u00eda. Las populares <em>en punto<\/em> son el momento cr\u00edtico de los que viven a la huida: es cuando el Tiempo les dice \u201caqu\u00ed te pillo\u201d. Solo hay que ir un poco pendiente: si aprietan los labios y miran con desaf\u00edo hacia el fondo de la calle significa que son tercos, aceleran y van a tomarse la revancha con sa\u00f1a; si bajan la mu\u00f1eca y resoplan es se\u00f1al de que han sido cazados (\u00a1quedando toda la tarde por delante!), entonces giran sobre la acera y vuelven por donde han venido, vencidos.<\/p>\n<p>Quieren tomarle la delantera al reloj para darle muerte al paso del tiempo, \u00a1matar el Tiempo! Ignorantes; no puede morir lo que no existe, y si el Tiempo se detuviera temporalmente, solo por un tiempo, el mundo caer\u00eda por un abismo, y ni siquiera ser\u00eda el final de los tiempos, solo ser\u00eda un permanente vac\u00edo, algo parecido a la Nada. \u00bfMuerte al Tiempo? S\u00ed, pero de otra manera.<\/p>\n<p>Una tarde de la semana pasada dej\u00e9 de pedalear, apoy\u00e9 mi bicicleta en el murete de piedra del paseo mar\u00edtimo, justo al pie de la chimenea m\u00e1s alta, porque en ese momento sal\u00eda del puerto un crucero blanco, tan alto como una torre, majestuoso, imponente.<\/p>\n<p>De tres bufidos estremecedores, que hicieron vibrar la ciudad, el monstruo avis\u00f3 al mundo de su salida, saliendo a mar abierto. Me sent\u00e9 en el muro para presenciar el espect\u00e1culo, m\u00e1s bien me pareci\u00f3 un desaf\u00edo. El gigante con camarotes y cubiertas de cristal avanzaba tan despacio, tan tediosamente lento que me dije: \u201cesta es la m\u00eda, ni pintado, esto va a tomar toda la tarde\u201d.<\/p>\n<p>Parar, detener la marcha, mirar absorto y sin disimulo un acontecimiento en la m\u00e1s cercana lejan\u00eda, pretendiendo que se observa el mundo, cuando en realidad es un vistazo hacia dentro.\u00a0 Dejar de contar minutos y verlo pasar, el buque saliendo por la bocana del mediod\u00eda, los tiempos ajenos atravesando tu memoria, los \u00faltimos recuerdos a punto de ser olvidados, y por fin el instante m\u00e1s cercano. Verte de frente, t\u00fa mismo, respirarte con la excusa de un crucero que se hace al mar, dejar pasar cada instante, pero no por desprecio, sino por masticarlo y dejarlo un segundo en el paladar, para descubrir a qu\u00e9 sabe. Entonces es cuando un segundo de reloj se hace inabarcable, un barco en el horizonte, el mar quieto, el Tiempo m\u00e1s \u00edntimo.<\/p>\n<p>Dejar pasar el tiempo sin hacer absolutamente nada es una chuler\u00eda que me permito de vez en cuando. Quiero que me pregunten qu\u00e9 es lo mejor que he hecho hoy, quiero contestar que el mejor momento fue abrir el balc\u00f3n y meter las manos en los bolsillos, o sentarme en el paseo a mirar c\u00f3mo pasaba un barco. Es un acto de afirmaci\u00f3n frente a la negaci\u00f3n salada que escupe la brisa, es la futilidad de la proa rompiendo el oleaje, rasgando la productividad de la superficie.<\/p>\n<p>Tanto mar por delante, tanto Tiempo y, sin embargo, avanza.<\/p>\n<p>Y as\u00ed, el gran crucero navega hasta ocupar todo el horizonte frente a la ciudad, pero, como una pel\u00edcula muda, no consigue atraer la atenci\u00f3n de los paseantes urbanos, tan ocupados con sus pantallas de cristal, atentos al silbido del <em>whatsapp<\/em>, \u00bfmirando qu\u00e9 hora es quiz\u00e1?<\/p>\n<p>Pasan dos se\u00f1oras con chandal de rosa chicle y zapatillas hechas en Vietnam, cada una con un perrito de cola recortada. Sin parar de hablar ni siquiera ven el barco, probablemente lo evitan, que ya vira hacia un Mediterr\u00e1neo ajeno. Un grupo de adolescentes esclavos de la ch\u00e1chara digital pasa junto a m\u00ed sin alzar la cabeza, ignoran al monstruo que ya solo ense\u00f1a su ancha popa al paseo. Un patinador se desliza r\u00edtmico marcando sus tiempos sobre el carril bici, con los auriculares encajados no se enter\u00f3 de los bramidos del gigante, ida y vuelta a la bah\u00eda, se le vuela la tarde.<\/p>\n<p>El gran crucero blanco navega tan pesado e ingr\u00e1vido a la vez que parece ocupar todo el tiempo del mundo. Es imposible contar las olas que deja la estela del Tiempo, ni los minutos que tardan en llegar a la orilla. Cae el sol y unas mujeres morenas con mono verde peinan la playa infinita con un simple rastrillo, como si tuvieran todo el tiempo de sus vidas por delante, a la vista. Ellas s\u00ed alzan la mirada, todas a la vez, suspirando por una lejan\u00eda que solo podr\u00e1n atisbar.<\/p>\n<p>Y el barco se pierde por su propio horizonte, como las esperanzas. Justo cuando lo ten\u00eda posado sobre la palma de mi mano y el pulgar atravesaba la \u00fanica nube. Es el arte de matar el Tiempo.<\/p>\n","protected":false},"excerpt":{"rendered":"<p>por\u00a0Jos\u00e9 Mar\u00eda S\u00e1nchez Alfonso Vamos con la lengua fuera, y casi siempre es una falsa prisa. Nadie nos hace correr cuando nos pregunta a d\u00f3nde vamos y contestamos \u201cte dejo que tengo prisa\u201d, y seguimos en nuestra \u00edntima carrera, ese correr por af\u00e1n de hacer m\u00e1s cosas, por querer sortear el tiempo o evitarlo mediante el olvido. Es el insufrible d\u00eda a d\u00eda de los que se marcan obligaciones al [&hellip;]<\/p>\n","protected":false},"author":177,"featured_media":230,"comment_status":"open","ping_status":"open","sticky":false,"template":"","format":"standard","meta":{"footnotes":""},"categories":[19],"tags":[],"yoast_head":"<!-- This site is optimized with the Yoast SEO plugin v22.3 - https:\/\/yoast.com\/wordpress\/plugins\/seo\/ -->\n<title>El arte de matar el tiempo<\/title>\n<meta name=\"description\" content=\"En &quot;El arte de matar el Tiempo&quot;, Jos\u00e9 Mar\u00eda S\u00e1nchez Alfonso nos ofrece una reflexi\u00f3n sobre el v\u00e9rtigo de la vida moderna y el lujo de derrochar el tiempo.\" \/>\n<meta name=\"robots\" content=\"index, follow, max-snippet:-1, max-image-preview:large, max-video-preview:-1\" \/>\n<link rel=\"canonical\" href=\"https:\/\/www.tallerparentesis.com\/inoportunos\/el-arte-de-matar-el-tiempo\/\" \/>\n<meta property=\"og:locale\" content=\"es_ES\" \/>\n<meta property=\"og:type\" content=\"article\" \/>\n<meta property=\"og:title\" content=\"El arte de matar el tiempo\" \/>\n<meta property=\"og:description\" content=\"En &quot;El arte de matar el Tiempo&quot;, Jos\u00e9 Mar\u00eda S\u00e1nchez Alfonso nos ofrece una reflexi\u00f3n sobre el v\u00e9rtigo de la vida moderna y el lujo de derrochar el tiempo.\" \/>\n<meta property=\"og:url\" content=\"https:\/\/www.tallerparentesis.com\/inoportunos\/el-arte-de-matar-el-tiempo\/\" \/>\n<meta property=\"og:site_name\" content=\"Inoportunos\" \/>\n<meta property=\"article:publisher\" content=\"https:\/\/es-es.facebook.com\/tallerparentesismalaga\" \/>\n<meta property=\"article:published_time\" content=\"2015-06-27T12:24:01+00:00\" \/>\n<meta property=\"article:modified_time\" content=\"2015-08-04T19:47:44+00:00\" \/>\n<meta property=\"og:image\" content=\"https:\/\/www.tallerparentesis.com\/inoportunos\/files\/2015\/06\/el-arte-de-matar-el-tiempo-e1438717639946.jpg\" \/>\n\t<meta property=\"og:image:width\" content=\"631\" \/>\n\t<meta property=\"og:image:height\" content=\"359\" \/>\n\t<meta property=\"og:image:type\" content=\"image\/jpeg\" \/>\n<meta name=\"author\" content=\"Inoportunos\" \/>\n<meta name=\"twitter:card\" content=\"summary_large_image\" \/>\n<meta name=\"twitter:creator\" content=\"@tallerparentsis\" \/>\n<meta name=\"twitter:site\" content=\"@tallerparentsis\" \/>\n<meta name=\"twitter:label1\" content=\"Escrito por\" \/>\n\t<meta name=\"twitter:data1\" content=\"Inoportunos\" \/>\n\t<meta name=\"twitter:label2\" content=\"Tiempo de lectura\" \/>\n\t<meta name=\"twitter:data2\" content=\"5 minutos\" \/>\n<script type=\"application\/ld+json\" class=\"yoast-schema-graph\">{\"@context\":\"https:\/\/schema.org\",\"@graph\":[{\"@type\":\"WebPage\",\"@id\":\"https:\/\/www.tallerparentesis.com\/inoportunos\/el-arte-de-matar-el-tiempo\/\",\"url\":\"https:\/\/www.tallerparentesis.com\/inoportunos\/el-arte-de-matar-el-tiempo\/\",\"name\":\"El arte de matar el tiempo\",\"isPartOf\":{\"@id\":\"https:\/\/www.tallerparentesis.com\/inoportunos\/#website\"},\"primaryImageOfPage\":{\"@id\":\"https:\/\/www.tallerparentesis.com\/inoportunos\/el-arte-de-matar-el-tiempo\/#primaryimage\"},\"image\":{\"@id\":\"https:\/\/www.tallerparentesis.com\/inoportunos\/el-arte-de-matar-el-tiempo\/#primaryimage\"},\"thumbnailUrl\":\"https:\/\/www.tallerparentesis.com\/inoportunos\/files\/2015\/06\/el-arte-de-matar-el-tiempo-e1438717639946.jpg\",\"datePublished\":\"2015-06-27T12:24:01+00:00\",\"dateModified\":\"2015-08-04T19:47:44+00:00\",\"author\":{\"@id\":\"https:\/\/www.tallerparentesis.com\/inoportunos\/#\/schema\/person\/e2815d72e1faa10fc9dd949c0af0cffb\"},\"description\":\"En \\\"El arte de matar el Tiempo\\\", Jos\u00e9 Mar\u00eda S\u00e1nchez Alfonso nos ofrece una reflexi\u00f3n sobre el v\u00e9rtigo de la vida moderna y el lujo de derrochar el tiempo.\",\"breadcrumb\":{\"@id\":\"https:\/\/www.tallerparentesis.com\/inoportunos\/el-arte-de-matar-el-tiempo\/#breadcrumb\"},\"inLanguage\":\"es\",\"potentialAction\":[{\"@type\":\"ReadAction\",\"target\":[\"https:\/\/www.tallerparentesis.com\/inoportunos\/el-arte-de-matar-el-tiempo\/\"]}]},{\"@type\":\"ImageObject\",\"inLanguage\":\"es\",\"@id\":\"https:\/\/www.tallerparentesis.com\/inoportunos\/el-arte-de-matar-el-tiempo\/#primaryimage\",\"url\":\"https:\/\/www.tallerparentesis.com\/inoportunos\/files\/2015\/06\/el-arte-de-matar-el-tiempo-e1438717639946.jpg\",\"contentUrl\":\"https:\/\/www.tallerparentesis.com\/inoportunos\/files\/2015\/06\/el-arte-de-matar-el-tiempo-e1438717639946.jpg\",\"width\":631,\"height\":359},{\"@type\":\"BreadcrumbList\",\"@id\":\"https:\/\/www.tallerparentesis.com\/inoportunos\/el-arte-de-matar-el-tiempo\/#breadcrumb\",\"itemListElement\":[{\"@type\":\"ListItem\",\"position\":1,\"name\":\"Portada\",\"item\":\"https:\/\/www.tallerparentesis.com\/inoportunos\/\"},{\"@type\":\"ListItem\",\"position\":2,\"name\":\"El arte de matar el tiempo\"}]},{\"@type\":\"WebSite\",\"@id\":\"https:\/\/www.tallerparentesis.com\/inoportunos\/#website\",\"url\":\"https:\/\/www.tallerparentesis.com\/inoportunos\/\",\"name\":\"Inoportunos\",\"description\":\"Narraciones, art\u00edculos y entrevistas, a veces oportunos\",\"potentialAction\":[{\"@type\":\"SearchAction\",\"target\":{\"@type\":\"EntryPoint\",\"urlTemplate\":\"https:\/\/www.tallerparentesis.com\/inoportunos\/?s={search_term_string}\"},\"query-input\":\"required name=search_term_string\"}],\"inLanguage\":\"es\"},{\"@type\":\"Person\",\"@id\":\"https:\/\/www.tallerparentesis.com\/inoportunos\/#\/schema\/person\/e2815d72e1faa10fc9dd949c0af0cffb\",\"name\":\"Inoportunos\",\"image\":{\"@type\":\"ImageObject\",\"inLanguage\":\"es\",\"@id\":\"https:\/\/www.tallerparentesis.com\/inoportunos\/#\/schema\/person\/image\/\",\"url\":\"https:\/\/www.tallerparentesis.com\/inoportunos\/files\/2015\/02\/favicon-inoportunos-144x144-120x120.png\",\"contentUrl\":\"https:\/\/www.tallerparentesis.com\/inoportunos\/files\/2015\/02\/favicon-inoportunos-144x144-120x120.png\",\"caption\":\"Inoportunos\"},\"description\":\"Revista literaria digital de Par\u00e9ntesis.\",\"url\":\"https:\/\/www.tallerparentesis.com\/inoportunos\/author\/inoportunos\/\"}]}<\/script>\n<!-- \/ Yoast SEO plugin. -->","yoast_head_json":{"title":"El arte de matar el tiempo","description":"En \"El arte de matar el Tiempo\", Jos\u00e9 Mar\u00eda S\u00e1nchez Alfonso nos ofrece una reflexi\u00f3n sobre el v\u00e9rtigo de la vida moderna y el lujo de derrochar el tiempo.","robots":{"index":"index","follow":"follow","max-snippet":"max-snippet:-1","max-image-preview":"max-image-preview:large","max-video-preview":"max-video-preview:-1"},"canonical":"https:\/\/www.tallerparentesis.com\/inoportunos\/el-arte-de-matar-el-tiempo\/","og_locale":"es_ES","og_type":"article","og_title":"El arte de matar el tiempo","og_description":"En \"El arte de matar el Tiempo\", Jos\u00e9 Mar\u00eda S\u00e1nchez Alfonso nos ofrece una reflexi\u00f3n sobre el v\u00e9rtigo de la vida moderna y el lujo de derrochar el tiempo.","og_url":"https:\/\/www.tallerparentesis.com\/inoportunos\/el-arte-de-matar-el-tiempo\/","og_site_name":"Inoportunos","article_publisher":"https:\/\/es-es.facebook.com\/tallerparentesismalaga","article_published_time":"2015-06-27T12:24:01+00:00","article_modified_time":"2015-08-04T19:47:44+00:00","og_image":[{"width":631,"height":359,"url":"https:\/\/www.tallerparentesis.com\/inoportunos\/files\/2015\/06\/el-arte-de-matar-el-tiempo-e1438717639946.jpg","type":"image\/jpeg"}],"author":"Inoportunos","twitter_card":"summary_large_image","twitter_creator":"@tallerparentsis","twitter_site":"@tallerparentsis","twitter_misc":{"Escrito por":"Inoportunos","Tiempo de lectura":"5 minutos"},"schema":{"@context":"https:\/\/schema.org","@graph":[{"@type":"WebPage","@id":"https:\/\/www.tallerparentesis.com\/inoportunos\/el-arte-de-matar-el-tiempo\/","url":"https:\/\/www.tallerparentesis.com\/inoportunos\/el-arte-de-matar-el-tiempo\/","name":"El arte de matar el tiempo","isPartOf":{"@id":"https:\/\/www.tallerparentesis.com\/inoportunos\/#website"},"primaryImageOfPage":{"@id":"https:\/\/www.tallerparentesis.com\/inoportunos\/el-arte-de-matar-el-tiempo\/#primaryimage"},"image":{"@id":"https:\/\/www.tallerparentesis.com\/inoportunos\/el-arte-de-matar-el-tiempo\/#primaryimage"},"thumbnailUrl":"https:\/\/www.tallerparentesis.com\/inoportunos\/files\/2015\/06\/el-arte-de-matar-el-tiempo-e1438717639946.jpg","datePublished":"2015-06-27T12:24:01+00:00","dateModified":"2015-08-04T19:47:44+00:00","author":{"@id":"https:\/\/www.tallerparentesis.com\/inoportunos\/#\/schema\/person\/e2815d72e1faa10fc9dd949c0af0cffb"},"description":"En \"El arte de matar el Tiempo\", Jos\u00e9 Mar\u00eda S\u00e1nchez Alfonso nos ofrece una reflexi\u00f3n sobre el v\u00e9rtigo de la vida moderna y el lujo de derrochar el tiempo.","breadcrumb":{"@id":"https:\/\/www.tallerparentesis.com\/inoportunos\/el-arte-de-matar-el-tiempo\/#breadcrumb"},"inLanguage":"es","potentialAction":[{"@type":"ReadAction","target":["https:\/\/www.tallerparentesis.com\/inoportunos\/el-arte-de-matar-el-tiempo\/"]}]},{"@type":"ImageObject","inLanguage":"es","@id":"https:\/\/www.tallerparentesis.com\/inoportunos\/el-arte-de-matar-el-tiempo\/#primaryimage","url":"https:\/\/www.tallerparentesis.com\/inoportunos\/files\/2015\/06\/el-arte-de-matar-el-tiempo-e1438717639946.jpg","contentUrl":"https:\/\/www.tallerparentesis.com\/inoportunos\/files\/2015\/06\/el-arte-de-matar-el-tiempo-e1438717639946.jpg","width":631,"height":359},{"@type":"BreadcrumbList","@id":"https:\/\/www.tallerparentesis.com\/inoportunos\/el-arte-de-matar-el-tiempo\/#breadcrumb","itemListElement":[{"@type":"ListItem","position":1,"name":"Portada","item":"https:\/\/www.tallerparentesis.com\/inoportunos\/"},{"@type":"ListItem","position":2,"name":"El arte de matar el tiempo"}]},{"@type":"WebSite","@id":"https:\/\/www.tallerparentesis.com\/inoportunos\/#website","url":"https:\/\/www.tallerparentesis.com\/inoportunos\/","name":"Inoportunos","description":"Narraciones, art\u00edculos y entrevistas, a veces oportunos","potentialAction":[{"@type":"SearchAction","target":{"@type":"EntryPoint","urlTemplate":"https:\/\/www.tallerparentesis.com\/inoportunos\/?s={search_term_string}"},"query-input":"required name=search_term_string"}],"inLanguage":"es"},{"@type":"Person","@id":"https:\/\/www.tallerparentesis.com\/inoportunos\/#\/schema\/person\/e2815d72e1faa10fc9dd949c0af0cffb","name":"Inoportunos","image":{"@type":"ImageObject","inLanguage":"es","@id":"https:\/\/www.tallerparentesis.com\/inoportunos\/#\/schema\/person\/image\/","url":"https:\/\/www.tallerparentesis.com\/inoportunos\/files\/2015\/02\/favicon-inoportunos-144x144-120x120.png","contentUrl":"https:\/\/www.tallerparentesis.com\/inoportunos\/files\/2015\/02\/favicon-inoportunos-144x144-120x120.png","caption":"Inoportunos"},"description":"Revista literaria digital de Par\u00e9ntesis.","url":"https:\/\/www.tallerparentesis.com\/inoportunos\/author\/inoportunos\/"}]}},"_links":{"self":[{"href":"https:\/\/www.tallerparentesis.com\/inoportunos\/wp-json\/wp\/v2\/posts\/229"}],"collection":[{"href":"https:\/\/www.tallerparentesis.com\/inoportunos\/wp-json\/wp\/v2\/posts"}],"about":[{"href":"https:\/\/www.tallerparentesis.com\/inoportunos\/wp-json\/wp\/v2\/types\/post"}],"author":[{"embeddable":true,"href":"https:\/\/www.tallerparentesis.com\/inoportunos\/wp-json\/wp\/v2\/users\/177"}],"replies":[{"embeddable":true,"href":"https:\/\/www.tallerparentesis.com\/inoportunos\/wp-json\/wp\/v2\/comments?post=229"}],"version-history":[{"count":1,"href":"https:\/\/www.tallerparentesis.com\/inoportunos\/wp-json\/wp\/v2\/posts\/229\/revisions"}],"predecessor-version":[{"id":231,"href":"https:\/\/www.tallerparentesis.com\/inoportunos\/wp-json\/wp\/v2\/posts\/229\/revisions\/231"}],"wp:featuredmedia":[{"embeddable":true,"href":"https:\/\/www.tallerparentesis.com\/inoportunos\/wp-json\/wp\/v2\/media\/230"}],"wp:attachment":[{"href":"https:\/\/www.tallerparentesis.com\/inoportunos\/wp-json\/wp\/v2\/media?parent=229"}],"wp:term":[{"taxonomy":"category","embeddable":true,"href":"https:\/\/www.tallerparentesis.com\/inoportunos\/wp-json\/wp\/v2\/categories?post=229"},{"taxonomy":"post_tag","embeddable":true,"href":"https:\/\/www.tallerparentesis.com\/inoportunos\/wp-json\/wp\/v2\/tags?post=229"}],"curies":[{"name":"wp","href":"https:\/\/api.w.org\/{rel}","templated":true}]}}