{"id":232,"date":"2015-06-27T13:31:31","date_gmt":"2015-06-27T12:31:31","guid":{"rendered":"https:\/\/www.tallerparentesis.com\/inoportunos\/?p=232"},"modified":"2017-03-13T18:53:11","modified_gmt":"2017-03-13T17:53:11","slug":"corazon-tan-blanco","status":"publish","type":"post","link":"https:\/\/www.tallerparentesis.com\/inoportunos\/corazon-tan-blanco\/","title":{"rendered":"Coraz\u00f3n tan blanco"},"content":{"rendered":"<p>Lo narra Javier Mar\u00edas en <em>Coraz\u00f3n tan blanco<\/em>: Mateu, guarda del Prado durante veinticinco a\u00f1os, oscila la llama de su mechero muy cerca del borde inferior izquierdo de un Rembrandt. Ya ha chamuscado parte del marco cuando Ranz, trabajador de la pinacoteca y padre del protagonista de la novela, aparece. Ranz no sabe c\u00f3mo detener a Mateu. Agarra un extintor de pared mientras intenta que el vigilante entre en raz\u00f3n. Pero no hay forma: \u201cEstoy harto de esta obra\u201d, asegura Mateu. \u201cQuiz\u00e1 si le propino un golpe y me hago con el mechero\u201d, conjetura Ranz. Pero entonces, \u00faltimo recurso, decide apelar a su sentido del deber: \u201cTiene usted raz\u00f3n, Mateu, d\u00e9jeme hacer a m\u00ed. Me voy a cargar el cuadro con el extintor este, que pesa lo suyo\u201d. De repente, el guardia esconde el encendedor y se planta ante su superior: \u201cOiga, oiga, \u00bfqu\u00e9 va a hacer? Quieto ah\u00ed, no me obligue\u201d, amenaza.<\/p>\n<p>Escribe Mar\u00edas en su libro que el empleado de la pinacoteca no inform\u00f3 de aquel episodio. Y Mateu sigui\u00f3 trabajando en ese museo del Prado ficticio o novelesco. \u201cSi el guardia hab\u00eda sido un vigilante celoso durante veinticinco a\u00f1os, no ten\u00eda por qu\u00e9 no seguirlo siendo tras un ataque pasajero de sa\u00f1a\u201d, argumenta Ranz a trav\u00e9s del narrador.<\/p>\n<p>El pasaje de <em>Coraz\u00f3n tan blanco<\/em> me vino a la memoria en fechas recientes cuando visit\u00e9 el <em>Centre Pompidou<\/em> de M\u00e1laga. Mientras recorr\u00eda las amplias salas en penumbra y contemplaba con ojos muy abiertos el arte que all\u00ed se muestra, me descubr\u00ed pensando en la soledad de cualquier vigilante de museo. Obligado a custodiar cada d\u00eda el bienestar de las mismas obras. Esa persona desesperada por la repetici\u00f3n de id\u00e9nticos e inacabables paseos entre figuras y lienzos. Trabajo horrible. Inaguantable.<\/p>\n<p>Adem\u00e1s, en el caso del nuevo museo malague\u00f1o, el horror aumenta hasta l\u00edmites insospechados porque el visitante se enfrenta a <em>v\u00eddeo-intalaciones<\/em>. Im\u00e1genes en movimiento que hablan en ingl\u00e9s o franc\u00e9s. Grabaciones proyectadas recitando su mensaje incansablemente. T\u00fa y yo escuchamos s\u00f3lo un rato pero, \u00bfy el personal del Pompidou? \u00bfC\u00f3mo soportan ese mantra extranjero? \u00bfC\u00f3mo no enloquecen dentro de su bucle perpetuo?<\/p>\n<p>Vi a una vigilante de pie en un lateral. Alzaba sus brazos al aire, probablemente adormecidos de inactividad. Era joven. Muy guapa. Me habr\u00eda inventado cualquier excusa con tal de intercambiar unas palabras con ella. Pero ya ten\u00eda esa duda rondando mi cabeza, as\u00ed que me acerqu\u00e9 sin m\u00e1s. Mientras hablaba, ella me observaba con ternura infinita. Como se mira a un tonto que no entiende nada. Luego esboz\u00f3 una sonrisa preciosa. Entonces dio un peque\u00f1o paso e igual que cuando se confiesan secretos me habl\u00f3 muy cerca del o\u00eddo, tras haberse retirado el pelo, que le ca\u00eda largo y moreno:<\/p>\n<p>\u201cNo, te explico entre t\u00fa y yo para que sepas: de lo que nos quejamos es del precio al que cobramos la hora, son una mierda estas condiciones laborales. Si pagaran bien, ya podr\u00edan poner al alcalde en uno de sus discursitos, que me dar\u00eda igual. \u00c9l s\u00ed que tiene arte y no estos mamotretos\u201d.<\/p>\n<p>La vigilante separ\u00f3 ambas manos y por un instante pareci\u00f3 que todo el museo quedaba al alcance de sus brazos adormecidos. Me sonri\u00f3 una \u00faltima vez. Pero mi coraz\u00f3n ya no era tan blanco.<\/p>\n","protected":false},"excerpt":{"rendered":"<p>Lo narra Javier Mar\u00edas en Coraz\u00f3n tan blanco: Mateu, guarda del Prado durante veinticinco a\u00f1os, oscila la llama de su mechero muy cerca del borde inferior izquierdo de un Rembrandt. Ya ha chamuscado parte del marco cuando Ranz, trabajador de la pinacoteca y padre del protagonista de la novela, aparece. Ranz no sabe c\u00f3mo detener a Mateu. Agarra un extintor de pared mientras intenta que el vigilante entre en raz\u00f3n. [&hellip;]<\/p>\n","protected":false},"author":178,"featured_media":267,"comment_status":"open","ping_status":"open","sticky":false,"template":"","format":"standard","meta":{"footnotes":""},"categories":[13],"tags":[],"yoast_head":"<!-- This site is optimized with the Yoast SEO plugin v22.3 - https:\/\/yoast.com\/wordpress\/plugins\/seo\/ -->\n<title>Coraz\u00f3n tan blanco<\/title>\n<meta name=\"description\" content=\"Arte, tedio, obligaciones laborales y condiciones econ\u00f3micas se mezclan en &quot;Coraz\u00f3n tan blanco&quot;, la nueva propuesta de Fernando Garc\u00eda de la Cruz.\" \/>\n<meta name=\"robots\" content=\"index, follow, max-snippet:-1, max-image-preview:large, max-video-preview:-1\" \/>\n<link rel=\"canonical\" href=\"https:\/\/www.tallerparentesis.com\/inoportunos\/corazon-tan-blanco\/\" \/>\n<meta property=\"og:locale\" content=\"es_ES\" \/>\n<meta property=\"og:type\" content=\"article\" \/>\n<meta property=\"og:title\" content=\"Coraz\u00f3n tan blanco\" \/>\n<meta property=\"og:description\" content=\"Arte, tedio, obligaciones laborales y condiciones econ\u00f3micas se mezclan en &quot;Coraz\u00f3n tan blanco&quot;, la nueva propuesta de Fernando Garc\u00eda de la Cruz.\" \/>\n<meta property=\"og:url\" content=\"https:\/\/www.tallerparentesis.com\/inoportunos\/corazon-tan-blanco\/\" \/>\n<meta property=\"og:site_name\" content=\"Inoportunos\" \/>\n<meta property=\"article:publisher\" content=\"https:\/\/es-es.facebook.com\/tallerparentesismalaga\" \/>\n<meta property=\"article:published_time\" content=\"2015-06-27T12:31:31+00:00\" \/>\n<meta property=\"article:modified_time\" content=\"2017-03-13T17:53:11+00:00\" \/>\n<meta property=\"og:image\" content=\"https:\/\/www.tallerparentesis.com\/inoportunos\/files\/2015\/06\/CORAZ\u00d3N-TAN-BLANCO_01.jpg\" \/>\n\t<meta property=\"og:image:width\" content=\"956\" \/>\n\t<meta property=\"og:image:height\" content=\"500\" \/>\n\t<meta property=\"og:image:type\" content=\"image\/jpeg\" \/>\n<meta name=\"author\" content=\"Fernando Garc\u00eda de la Cruz\" \/>\n<meta name=\"twitter:card\" content=\"summary_large_image\" \/>\n<meta name=\"twitter:creator\" content=\"@tallerparentsis\" \/>\n<meta name=\"twitter:site\" content=\"@tallerparentsis\" \/>\n<meta name=\"twitter:label1\" content=\"Escrito por\" \/>\n\t<meta name=\"twitter:data1\" content=\"Fernando Garc\u00eda de la Cruz\" \/>\n\t<meta name=\"twitter:label2\" content=\"Tiempo de lectura\" \/>\n\t<meta name=\"twitter:data2\" content=\"3 minutos\" \/>\n<script type=\"application\/ld+json\" class=\"yoast-schema-graph\">{\"@context\":\"https:\/\/schema.org\",\"@graph\":[{\"@type\":\"WebPage\",\"@id\":\"https:\/\/www.tallerparentesis.com\/inoportunos\/corazon-tan-blanco\/\",\"url\":\"https:\/\/www.tallerparentesis.com\/inoportunos\/corazon-tan-blanco\/\",\"name\":\"Coraz\u00f3n tan blanco\",\"isPartOf\":{\"@id\":\"https:\/\/www.tallerparentesis.com\/inoportunos\/#website\"},\"primaryImageOfPage\":{\"@id\":\"https:\/\/www.tallerparentesis.com\/inoportunos\/corazon-tan-blanco\/#primaryimage\"},\"image\":{\"@id\":\"https:\/\/www.tallerparentesis.com\/inoportunos\/corazon-tan-blanco\/#primaryimage\"},\"thumbnailUrl\":\"https:\/\/www.tallerparentesis.com\/inoportunos\/files\/2015\/06\/CORAZ\u00d3N-TAN-BLANCO_01.jpg\",\"datePublished\":\"2015-06-27T12:31:31+00:00\",\"dateModified\":\"2017-03-13T17:53:11+00:00\",\"author\":{\"@id\":\"https:\/\/www.tallerparentesis.com\/inoportunos\/#\/schema\/person\/34bc7cf3eb7f2c163ad32c2fd91d8885\"},\"description\":\"Arte, tedio, obligaciones laborales y condiciones econ\u00f3micas se mezclan en \\\"Coraz\u00f3n tan blanco\\\", la nueva propuesta de Fernando Garc\u00eda de la Cruz.\",\"breadcrumb\":{\"@id\":\"https:\/\/www.tallerparentesis.com\/inoportunos\/corazon-tan-blanco\/#breadcrumb\"},\"inLanguage\":\"es\",\"potentialAction\":[{\"@type\":\"ReadAction\",\"target\":[\"https:\/\/www.tallerparentesis.com\/inoportunos\/corazon-tan-blanco\/\"]}]},{\"@type\":\"ImageObject\",\"inLanguage\":\"es\",\"@id\":\"https:\/\/www.tallerparentesis.com\/inoportunos\/corazon-tan-blanco\/#primaryimage\",\"url\":\"https:\/\/www.tallerparentesis.com\/inoportunos\/files\/2015\/06\/CORAZ\u00d3N-TAN-BLANCO_01.jpg\",\"contentUrl\":\"https:\/\/www.tallerparentesis.com\/inoportunos\/files\/2015\/06\/CORAZ\u00d3N-TAN-BLANCO_01.jpg\",\"width\":956,\"height\":500},{\"@type\":\"BreadcrumbList\",\"@id\":\"https:\/\/www.tallerparentesis.com\/inoportunos\/corazon-tan-blanco\/#breadcrumb\",\"itemListElement\":[{\"@type\":\"ListItem\",\"position\":1,\"name\":\"Portada\",\"item\":\"https:\/\/www.tallerparentesis.com\/inoportunos\/\"},{\"@type\":\"ListItem\",\"position\":2,\"name\":\"Coraz\u00f3n tan blanco\"}]},{\"@type\":\"WebSite\",\"@id\":\"https:\/\/www.tallerparentesis.com\/inoportunos\/#website\",\"url\":\"https:\/\/www.tallerparentesis.com\/inoportunos\/\",\"name\":\"Inoportunos\",\"description\":\"Narraciones, art\u00edculos y entrevistas, a veces oportunos\",\"potentialAction\":[{\"@type\":\"SearchAction\",\"target\":{\"@type\":\"EntryPoint\",\"urlTemplate\":\"https:\/\/www.tallerparentesis.com\/inoportunos\/?s={search_term_string}\"},\"query-input\":\"required name=search_term_string\"}],\"inLanguage\":\"es\"},{\"@type\":\"Person\",\"@id\":\"https:\/\/www.tallerparentesis.com\/inoportunos\/#\/schema\/person\/34bc7cf3eb7f2c163ad32c2fd91d8885\",\"name\":\"Fernando Garc\u00eda de la Cruz\",\"image\":{\"@type\":\"ImageObject\",\"inLanguage\":\"es\",\"@id\":\"https:\/\/www.tallerparentesis.com\/inoportunos\/#\/schema\/person\/image\/\",\"url\":\"https:\/\/www.tallerparentesis.com\/inoportunos\/files\/2015\/04\/imagen-fernando-150x150.jpg\",\"contentUrl\":\"https:\/\/www.tallerparentesis.com\/inoportunos\/files\/2015\/04\/imagen-fernando-150x150.jpg\",\"caption\":\"Fernando Garc\u00eda de la Cruz\"},\"description\":\"Periodista y colaborador habitual de diversas publicaciones. Antiguo alumno del taller de escritura Par\u00e9ntesis. La antolog\u00eda \\\"Territorio l\u00edquido. Relatos de la incertidumbre\\\" contiene algunas de sus historias.\",\"url\":\"https:\/\/www.tallerparentesis.com\/inoportunos\/author\/fernandogarcia\/\"}]}<\/script>\n<!-- \/ Yoast SEO plugin. -->","yoast_head_json":{"title":"Coraz\u00f3n tan blanco","description":"Arte, tedio, obligaciones laborales y condiciones econ\u00f3micas se mezclan en \"Coraz\u00f3n tan blanco\", la nueva propuesta de Fernando Garc\u00eda de la Cruz.","robots":{"index":"index","follow":"follow","max-snippet":"max-snippet:-1","max-image-preview":"max-image-preview:large","max-video-preview":"max-video-preview:-1"},"canonical":"https:\/\/www.tallerparentesis.com\/inoportunos\/corazon-tan-blanco\/","og_locale":"es_ES","og_type":"article","og_title":"Coraz\u00f3n tan blanco","og_description":"Arte, tedio, obligaciones laborales y condiciones econ\u00f3micas se mezclan en \"Coraz\u00f3n tan blanco\", la nueva propuesta de Fernando Garc\u00eda de la Cruz.","og_url":"https:\/\/www.tallerparentesis.com\/inoportunos\/corazon-tan-blanco\/","og_site_name":"Inoportunos","article_publisher":"https:\/\/es-es.facebook.com\/tallerparentesismalaga","article_published_time":"2015-06-27T12:31:31+00:00","article_modified_time":"2017-03-13T17:53:11+00:00","og_image":[{"width":956,"height":500,"url":"https:\/\/www.tallerparentesis.com\/inoportunos\/files\/2015\/06\/CORAZ\u00d3N-TAN-BLANCO_01.jpg","type":"image\/jpeg"}],"author":"Fernando Garc\u00eda de la Cruz","twitter_card":"summary_large_image","twitter_creator":"@tallerparentsis","twitter_site":"@tallerparentsis","twitter_misc":{"Escrito por":"Fernando Garc\u00eda de la Cruz","Tiempo de lectura":"3 minutos"},"schema":{"@context":"https:\/\/schema.org","@graph":[{"@type":"WebPage","@id":"https:\/\/www.tallerparentesis.com\/inoportunos\/corazon-tan-blanco\/","url":"https:\/\/www.tallerparentesis.com\/inoportunos\/corazon-tan-blanco\/","name":"Coraz\u00f3n tan blanco","isPartOf":{"@id":"https:\/\/www.tallerparentesis.com\/inoportunos\/#website"},"primaryImageOfPage":{"@id":"https:\/\/www.tallerparentesis.com\/inoportunos\/corazon-tan-blanco\/#primaryimage"},"image":{"@id":"https:\/\/www.tallerparentesis.com\/inoportunos\/corazon-tan-blanco\/#primaryimage"},"thumbnailUrl":"https:\/\/www.tallerparentesis.com\/inoportunos\/files\/2015\/06\/CORAZ\u00d3N-TAN-BLANCO_01.jpg","datePublished":"2015-06-27T12:31:31+00:00","dateModified":"2017-03-13T17:53:11+00:00","author":{"@id":"https:\/\/www.tallerparentesis.com\/inoportunos\/#\/schema\/person\/34bc7cf3eb7f2c163ad32c2fd91d8885"},"description":"Arte, tedio, obligaciones laborales y condiciones econ\u00f3micas se mezclan en \"Coraz\u00f3n tan blanco\", la nueva propuesta de Fernando Garc\u00eda de la Cruz.","breadcrumb":{"@id":"https:\/\/www.tallerparentesis.com\/inoportunos\/corazon-tan-blanco\/#breadcrumb"},"inLanguage":"es","potentialAction":[{"@type":"ReadAction","target":["https:\/\/www.tallerparentesis.com\/inoportunos\/corazon-tan-blanco\/"]}]},{"@type":"ImageObject","inLanguage":"es","@id":"https:\/\/www.tallerparentesis.com\/inoportunos\/corazon-tan-blanco\/#primaryimage","url":"https:\/\/www.tallerparentesis.com\/inoportunos\/files\/2015\/06\/CORAZ\u00d3N-TAN-BLANCO_01.jpg","contentUrl":"https:\/\/www.tallerparentesis.com\/inoportunos\/files\/2015\/06\/CORAZ\u00d3N-TAN-BLANCO_01.jpg","width":956,"height":500},{"@type":"BreadcrumbList","@id":"https:\/\/www.tallerparentesis.com\/inoportunos\/corazon-tan-blanco\/#breadcrumb","itemListElement":[{"@type":"ListItem","position":1,"name":"Portada","item":"https:\/\/www.tallerparentesis.com\/inoportunos\/"},{"@type":"ListItem","position":2,"name":"Coraz\u00f3n tan blanco"}]},{"@type":"WebSite","@id":"https:\/\/www.tallerparentesis.com\/inoportunos\/#website","url":"https:\/\/www.tallerparentesis.com\/inoportunos\/","name":"Inoportunos","description":"Narraciones, art\u00edculos y entrevistas, a veces oportunos","potentialAction":[{"@type":"SearchAction","target":{"@type":"EntryPoint","urlTemplate":"https:\/\/www.tallerparentesis.com\/inoportunos\/?s={search_term_string}"},"query-input":"required name=search_term_string"}],"inLanguage":"es"},{"@type":"Person","@id":"https:\/\/www.tallerparentesis.com\/inoportunos\/#\/schema\/person\/34bc7cf3eb7f2c163ad32c2fd91d8885","name":"Fernando Garc\u00eda de la Cruz","image":{"@type":"ImageObject","inLanguage":"es","@id":"https:\/\/www.tallerparentesis.com\/inoportunos\/#\/schema\/person\/image\/","url":"https:\/\/www.tallerparentesis.com\/inoportunos\/files\/2015\/04\/imagen-fernando-150x150.jpg","contentUrl":"https:\/\/www.tallerparentesis.com\/inoportunos\/files\/2015\/04\/imagen-fernando-150x150.jpg","caption":"Fernando Garc\u00eda de la Cruz"},"description":"Periodista y colaborador habitual de diversas publicaciones. Antiguo alumno del taller de escritura Par\u00e9ntesis. La antolog\u00eda \"Territorio l\u00edquido. Relatos de la incertidumbre\" contiene algunas de sus historias.","url":"https:\/\/www.tallerparentesis.com\/inoportunos\/author\/fernandogarcia\/"}]}},"_links":{"self":[{"href":"https:\/\/www.tallerparentesis.com\/inoportunos\/wp-json\/wp\/v2\/posts\/232"}],"collection":[{"href":"https:\/\/www.tallerparentesis.com\/inoportunos\/wp-json\/wp\/v2\/posts"}],"about":[{"href":"https:\/\/www.tallerparentesis.com\/inoportunos\/wp-json\/wp\/v2\/types\/post"}],"author":[{"embeddable":true,"href":"https:\/\/www.tallerparentesis.com\/inoportunos\/wp-json\/wp\/v2\/users\/178"}],"replies":[{"embeddable":true,"href":"https:\/\/www.tallerparentesis.com\/inoportunos\/wp-json\/wp\/v2\/comments?post=232"}],"version-history":[{"count":1,"href":"https:\/\/www.tallerparentesis.com\/inoportunos\/wp-json\/wp\/v2\/posts\/232\/revisions"}],"predecessor-version":[{"id":233,"href":"https:\/\/www.tallerparentesis.com\/inoportunos\/wp-json\/wp\/v2\/posts\/232\/revisions\/233"}],"wp:featuredmedia":[{"embeddable":true,"href":"https:\/\/www.tallerparentesis.com\/inoportunos\/wp-json\/wp\/v2\/media\/267"}],"wp:attachment":[{"href":"https:\/\/www.tallerparentesis.com\/inoportunos\/wp-json\/wp\/v2\/media?parent=232"}],"wp:term":[{"taxonomy":"category","embeddable":true,"href":"https:\/\/www.tallerparentesis.com\/inoportunos\/wp-json\/wp\/v2\/categories?post=232"},{"taxonomy":"post_tag","embeddable":true,"href":"https:\/\/www.tallerparentesis.com\/inoportunos\/wp-json\/wp\/v2\/tags?post=232"}],"curies":[{"name":"wp","href":"https:\/\/api.w.org\/{rel}","templated":true}]}}