{"id":243,"date":"2015-06-26T17:42:19","date_gmt":"2015-06-26T16:42:19","guid":{"rendered":"https:\/\/www.tallerparentesis.com\/inoportunos\/?p=243"},"modified":"2018-11-16T15:51:44","modified_gmt":"2018-11-16T14:51:44","slug":"shepard-fairey-obey-y-dface","status":"publish","type":"post","link":"https:\/\/www.tallerparentesis.com\/inoportunos\/shepard-fairey-obey-y-dface\/","title":{"rendered":"Shepard Fairey (Obey) y D*Face"},"content":{"rendered":"<p>Del 26 de junio al 27 de septiembre, el CAC M\u00e1laga recoge la mayor retrospectiva de la obra de Shepard Fairey (Obey) realizada hasta la fecha, as\u00ed como la primera muestra en un museo del trabajo de D*Face. Estos dos artistas callejeros entran por m\u00e9ritos propios en los circuitos del arte reconocido.<\/p>\n<p><strong>Ambos ten\u00e9is un icono que os representa y que utiliz\u00e1is por todo el mundo como firma. \u00bfPor qu\u00e9 es tan importante esta marca personal?<\/strong><\/p>\n<p>D*Face: Mi personaje es un perro y est\u00e1 muy influenciado por Shepard. A principios de 2000 estaba muy aburrido en el trabajo y empec\u00e9 a buscar algo que hacer. Comenc\u00e9 a dibujar personajes, fui tom\u00e1ndomelo en serio e hice <em>stickers<\/em> (pegatinas, p\u00f3steres adhesivos). Aprend\u00ed de Shepard c\u00f3mo pod\u00eda divertirme y hacerlos.<\/p>\n<p><a href=\"\/\/www.tallerparentesis.com\/inoportunos\/files\/2015\/06\/P1000349.jpg\"><img decoding=\"async\" class=\"aligncenter size-full wp-image-253\" src=\"\/\/www.tallerparentesis.com\/inoportunos\/files\/2015\/06\/P1000349.jpg\" alt=\"D*Face\" width=\"600\" height=\"900\" srcset=\"https:\/\/www.tallerparentesis.com\/inoportunos\/files\/2015\/06\/P1000349-200x300.jpg 200w, https:\/\/www.tallerparentesis.com\/inoportunos\/files\/2015\/06\/P1000349.jpg 600w\" sizes=\"(max-width: 600px) 100vw, 600px\" \/><\/a><\/p>\n<p><strong>Y Andr\u00e9 el gigante \u00bfpor qu\u00e9 lo elegiste como icono?<\/strong><\/p>\n<p>Shepard Fairey (Obey): Utilic\u00e9 el retrato de Andr\u00e9 para ense\u00f1ar a un amigo a hacer plantillas y pegatinas, m\u00e1s como un juego o una broma, pero cuando me di cuenta de que la imagen era f\u00e1cil de recordar para la gente, decid\u00ed trabajarla hasta conseguir algo m\u00e1s \u00fanico y propio, para usarla como firma, de forma que a veces es el elemento principal y otras es uno menor, pero la idea es que la gente pueda siempre enlazarlas. Las ven en Nueva York, San Francisco, Londres, Tokio\u2026 <em>Wow, este artista est\u00e1 viajando por todo el mundo<\/em>, piensan. Uno de los principales temas de mi trabajo es la idea de que cada individuo tiene m\u00e1s poder del que cree. Comenc\u00e9 con muy poco dinero, pero trabaj\u00e9 duro y la gente comenz\u00f3 a decir que mi trabajo parec\u00eda imposible que lo hiciese una sola persona. La gente est\u00e1 intimidada por las corporaciones, por los intereses poderosos, de forma que suelen pensar que una persona sola no puede hacer nada, pero cada persona puede marcar la diferencia, y usar de forma repetitiva mi icono asegura que la gente entienda que todo es obra de la misma persona.<\/p>\n<p><a href=\"\/\/www.tallerparentesis.com\/inoportunos\/files\/2015\/06\/P1000388.jpg\"><img decoding=\"async\" class=\"aligncenter size-full wp-image-254\" src=\"\/\/www.tallerparentesis.com\/inoportunos\/files\/2015\/06\/P1000388.jpg\" alt=\"Shepard Fairey (Obey)\" width=\"736\" height=\"528\" srcset=\"https:\/\/www.tallerparentesis.com\/inoportunos\/files\/2015\/06\/P1000388-300x214.jpg 300w, https:\/\/www.tallerparentesis.com\/inoportunos\/files\/2015\/06\/P1000388.jpg 736w\" sizes=\"(max-width: 736px) 100vw, 736px\" \/><\/a><\/p>\n<p><strong><a href=\"\/\/www.tallerparentesis.com\/inoportunos\/files\/2015\/06\/OBEY-Giant-SOHO-Malaga-Urban-Art-3.jpg\"><img decoding=\"async\" class=\" size-full wp-image-250 alignright\" src=\"\/\/www.tallerparentesis.com\/inoportunos\/files\/2015\/06\/OBEY-Giant-SOHO-Malaga-Urban-Art-3.jpg\" alt=\"Shepard Fairey (Obey)\" width=\"200\" height=\"288\" \/><\/a>(A Shepard Fairey) Transformas im\u00e1genes y objetos del capitalismo para crear una respuesta cr\u00edtica. Adem\u00e1s, combates la presencia de la publicidad con tu obra callejera. Y, a la vez, realizas trabajos de dise\u00f1o para grandes multinacionales. El artista del siglo XXI \u00bfno tiene m\u00e1s remedio que ser un emboscado? \u00bfSientes que tu obra es fagocitada por el sistema?<\/strong><\/p>\n<p>Shepard Fairey (Obey): El sistema, y entiendo que hablamos del sistema capitalista, ha organizado las cosas de manera que crea situaciones opresivas, injustas. Mi objetivo no es desmantelar el capitalismo, sino animar a la gente a que sea m\u00e1s cr\u00edtica con el capitalismo, a que le preocupe m\u00e1s la concentraci\u00f3n de poder. El capitalismo puede significar la supervivencia de quienes m\u00e1s lo teman, en el sentido de que es un sistema que no muestra la menor compasi\u00f3n. Cuando algunas personas acumulan poder, tienen la capacidad de esclavizar a otras personas, de hacerlas desgraciadas, de instaurar injusticias. El capitalismo necesita m\u00e1s supervisi\u00f3n contra eso. Pero tambi\u00e9n el capitalismo es el lenguaje que habla la mayor\u00eda del mundo occidental, as\u00ed que criticarlo y a la vez participar en \u00e9l es para m\u00ed la \u00fanica manera de hacer lo que hago sin caer en el aislamiento, una forma de crear mi propia utop\u00eda. Creo en la comunidad y en que no todos los aspectos del sistema son terribles, pero mucha gente no es consciente de c\u00f3mo funciona la maquinaria del poder y necesita que se les incite a ser m\u00e1s cr\u00edticos. Eso es lo que intento hacer con mi trabajo. Aunque s\u00e9 que me beneficio de mi trabajo bajo el capitalismo, ese no es el objetivo.<\/p>\n<p><strong>\u00bfY qu\u00e9 opinas t\u00fa?<\/strong><\/p>\n<p>D*Face: En el mundo que vivimos necesitas dinero. Entre Shepard y yo hemos puesto mucho trabajo en la calle para que la gente lo pueda ver y disfrutar. Tambi\u00e9n lo hacemos para disfrutar nosotros. No tienes m\u00e1s remedio que ser parte del sistema, pero estas obras en la calle se enfrentan con la publicidad que nos rodea y hace que la gente se cuestione su relaci\u00f3n con las marcas y productos que consumen. Yo no voy a decir que no bebamos Coca-Cola ni usemos Nike, cuando yo lo hago, pero se trata de ser m\u00e1s cr\u00edticos, porque es muy f\u00e1cil acomodarse a lo que nos viene dado, que inevitablemente desemboca en apoyar a quien m\u00e1s poder tiene. Deber\u00edamos apoyar a productores y empresas m\u00e1s peque\u00f1as.<\/p>\n<p><a href=\"\/\/www.tallerparentesis.com\/inoportunos\/files\/2015\/06\/P1000444.jpg\"><img decoding=\"async\" class=\"aligncenter size-full wp-image-261\" src=\"\/\/www.tallerparentesis.com\/inoportunos\/files\/2015\/06\/P1000444.jpg\" alt=\"Entrevista a Shepard Fairey (Obey) y D*Face\" width=\"836\" height=\"364\" srcset=\"https:\/\/www.tallerparentesis.com\/inoportunos\/files\/2015\/06\/P1000444-300x131.jpg 300w, https:\/\/www.tallerparentesis.com\/inoportunos\/files\/2015\/06\/P1000444.jpg 836w\" sizes=\"(max-width: 836px) 100vw, 836px\" \/><\/a><\/p>\n<p><strong>La est\u00e9tica recurrente y los motivos repetitivos para fijar ideas \u00bfson una r\u00e9plica a las t\u00e9cnicas de la publicidad o una forma de publicitaros?<\/strong><\/p>\n<p>D*Face: Es una pregunta comprometedora. Utilizamos t\u00e9cnicas de la publicidad, pero la t\u00e9cnica del grafiti tambi\u00e9n la usa la publicidad, esencialmente la repetici\u00f3n: escribir tu nombre en todos los lugares que puedas, que es lo que tambi\u00e9n hace una marca, con la diferencia de que se trata de un individuo. Este individuo que usa las mismas t\u00e9cnicas de la publicidad, a la vez lucha contra ella. Utiliza el grafiti para alcanzar mayor audiencia y emplea un personaje para que la gente pueda identificarse con \u00e9l, lo que da a su obra mayor expansi\u00f3n.<\/p>\n<p>Shepard Fairey (Obey): Hay similitudes evidentes en la t\u00e9cnica, pero hay una diferencia radical en la filosof\u00eda. Siempre soy muy transparente con lo que hago. Incluso al principio, que hice una campa\u00f1a de propaganda sin fondos, eran unos anuncios donde no hab\u00eda productos. Ahora hago productos, pero muchas marcas lo que proponen son formas de vida, una manera de proveer <em>el gran deseo<\/em> a sus clientes. Soy muy directo, la propaganda de mi trabajo es muy clara. Usa las mismas t\u00e9cnicas pero invita a la gente a cuestionar esas mismas t\u00e9cnicas. El \u00e9xito autom\u00e1tico de mi proyecto ser\u00eda su obsolescencia, que ya no fuese necesario. Puedo encontrar montones de ideas para trabajos que no requieran necesariamente estas t\u00e9cnicas, pero entiendo que este m\u00e9todo, que est\u00e1 dentro del lenguaje de la publicidad y cuya potencia elogio desde fuera, es una opci\u00f3n fuerte y provocativa.<\/p>\n<p><a href=\"\/\/www.tallerparentesis.com\/inoportunos\/files\/2015\/06\/Obey-DFace-Ch\u00e9.jpg\"><img decoding=\"async\" class=\"aligncenter size-full wp-image-256\" src=\"\/\/www.tallerparentesis.com\/inoportunos\/files\/2015\/06\/Obey-DFace-Ch\u00e9.jpg\" alt=\"Shepard Fairey (Obey) y D*Face: Ch\u00e9 Guevara\" width=\"800\" height=\"502\" srcset=\"https:\/\/www.tallerparentesis.com\/inoportunos\/files\/2015\/06\/Obey-DFace-Ch\u00e9-300x188.jpg 300w, https:\/\/www.tallerparentesis.com\/inoportunos\/files\/2015\/06\/Obey-DFace-Ch\u00e9-320x202.jpg 320w, https:\/\/www.tallerparentesis.com\/inoportunos\/files\/2015\/06\/Obey-DFace-Ch\u00e9.jpg 800w\" sizes=\"(max-width: 800px) 100vw, 800px\" \/><\/a><\/p>\n<p><strong>\u00bfAlg\u00fan escritor os ha servido de inspiraci\u00f3n?<\/strong><\/p>\n<p>D*Face: \u00a1Escritores de grafiti s\u00ed! Me gusta leer, pero no hay un escritor concreto con el que pueda identificar mi obra. Me inspira m\u00e1s la m\u00fasica, de forma constante. Siempre estoy buscando nueva m\u00fasica y atiendo m\u00e1s a la letra que a la melod\u00eda.<\/p>\n<p>Shepard Fairey (Obey): Encuentro mi inspiraci\u00f3n en muchas cosas. En cuanto a escritores, est\u00e1n Noam Chomsky, George Orwell, Bobby Seale (de los Panteras Negras, y su libro <em>Seize the time<\/em>, que ha sido una gran influencia para m\u00ed), entre otros, pero buena parte de mi inspiraci\u00f3n viene a trav\u00e9s de la m\u00fasica, porque es un medio b\u00e1sico de explorar la problem\u00e1tica del ser humano, de una manera que puedes relacionar y filtrar en tu trabajo.<\/p>\n<p><a href=\"\/\/www.tallerparentesis.com\/inoportunos\/files\/2015\/06\/P1000514.jpg\"><img decoding=\"async\" class=\"aligncenter size-full wp-image-262\" src=\"\/\/www.tallerparentesis.com\/inoportunos\/files\/2015\/06\/P1000514.jpg\" alt=\"Entrevista a Shepard Fairey (Obey) y D*Face\" width=\"800\" height=\"347\" srcset=\"https:\/\/www.tallerparentesis.com\/inoportunos\/files\/2015\/06\/P1000514-300x130.jpg 300w, https:\/\/www.tallerparentesis.com\/inoportunos\/files\/2015\/06\/P1000514.jpg 800w\" sizes=\"(max-width: 800px) 100vw, 800px\" \/><\/a><\/p>\n<p><strong>(A D*Face) La herida que deja la muerte y la que deja el amor suelen aparecer unidas en tu obra. \u00bfPor qu\u00e9?<\/strong><\/p>\n<p>D*Face: No tiene por qu\u00e9 ser una muerte f\u00edsica, sino metaf\u00f3rica, porque puede haber alguien que s\u00f3lo est\u00e9 en tu recuerdo, aunque siga vivo, o que ya est\u00e9 muerto para ti y no forme parte de tu vida. Me identifico con el sentimiento de quien ha perdido a alguien, pero a\u00fan lo siente en su vida. Y me gustan las interpretaciones ambivalentes: por ejemplo, una escultura que se puede interpretar como que la chica le est\u00e1 chupando la vida al chico o, todo lo contrario, le est\u00e9 insuflando vida. Me gusta conocer c\u00f3mo interpreta la gente mi obra y hablo de la muerte porque todos somos iguales ante ella, aunque mucha gente pueda sentirse petrificada ante ese salto a lo desconocido.<\/p>\n<p><a href=\"\/\/www.tallerparentesis.com\/inoportunos\/files\/2015\/06\/P1000357.jpg\"><img decoding=\"async\" class=\"aligncenter size-full wp-image-258\" src=\"\/\/www.tallerparentesis.com\/inoportunos\/files\/2015\/06\/P1000357.jpg\" alt=\"D*Face\" width=\"900\" height=\"600\" srcset=\"https:\/\/www.tallerparentesis.com\/inoportunos\/files\/2015\/06\/P1000357-300x200.jpg 300w, https:\/\/www.tallerparentesis.com\/inoportunos\/files\/2015\/06\/P1000357.jpg 900w\" sizes=\"(max-width: 900px) 100vw, 900px\" \/><\/a><\/p>\n<p><strong>Suele haber m\u00e1s muerte en tus personajes masculinos que en los femeninos. \u00bfPor alg\u00fan motivo?<\/strong><\/p>\n<p>No hay una raz\u00f3n especial. Suele ser el hombre porque soy yo. Cuando pinto, hablo de mi vida, lo hago seg\u00fan c\u00f3mo me sienta. Pero mejor que hable Shepard, que tiene mucho m\u00e1s pelo que yo.<\/p>\n<p><strong>(A Shepard) \u00bfD\u00f3nde est\u00e1 la l\u00ednea que separa el arte urbano del vandalismo?<\/strong><\/p>\n<p>Shepard Fairey: Est\u00e1 en la mirada del observador. Es estupendo encontrar en orden los espacios p\u00fablicos y muchas veces me encuentro cosas respetables. Hay un mont\u00f3n de variables que considero al elegir un espacio, y que dependen de mi opini\u00f3n, por supuesto, pero siempre procuro a\u00f1adir algo bueno, y no da\u00f1ar lo que est\u00e1 bien. Donde hay algo que se est\u00e1 descomponiendo, que es provisional, paredes temporales en las que se puede jugar, esas son mis elecciones, pero es algo subjetivo. Se me ha llamado v\u00e1ndalo tantas veces como se me ha considerado una herramienta para hacer m\u00e1s amable un lugar. S\u00f3lo puedo seguir mis convicciones cuando elijo un espacio, y esperar lo mejor.<\/p>\n<p><a href=\"\/\/www.tallerparentesis.com\/inoportunos\/files\/2015\/06\/soho-malaga.jpg\"><img decoding=\"async\" class=\"aligncenter size-full wp-image-260\" src=\"\/\/www.tallerparentesis.com\/inoportunos\/files\/2015\/06\/soho-malaga.jpg\" alt=\"Shepard Fairey (Obey) y D*Face\" width=\"570\" height=\"319\" srcset=\"https:\/\/www.tallerparentesis.com\/inoportunos\/files\/2015\/06\/soho-malaga-300x168.jpg 300w, https:\/\/www.tallerparentesis.com\/inoportunos\/files\/2015\/06\/soho-malaga.jpg 570w\" sizes=\"(max-width: 570px) 100vw, 570px\" \/><\/a><\/p>\n<p><strong>Ante los problemas legales que padec\u00e9is o pod\u00e9is sufrir \u00bfdeber\u00edamos temer que al final vuestra obra \u00fanicamente pueda verse en museos?<\/strong><\/p>\n<p>D*Face: Shepard tiene m\u00e1s problemas legales que yo. Toco madera porque hasta ahora he sido afortunado. Mientras me interese y emocione, voy a seguir haci\u00e9ndolo. Si lo encuentro relevante y trascendente, lo seguir\u00e9 haciendo. Y si eso no pasa, parar\u00e9. Hubo un tiempo en el que fui mucho m\u00e1s activo de lo que soy ahora (tengo menos inter\u00e9s en salir a dejar mi marca), pero cuando lo hago, disfruto. Lo emocionante es la interacci\u00f3n con el p\u00fablico. Que sea legal o no\u2026 Prefiero tener oportunidades de pintar legalmente porque as\u00ed perdurar\u00e1 en el tiempo y llegar\u00e1 a m\u00e1s personas. Es como llevar a la gente a un museo. No quiero decir que la gente deje de visitar salas y museos, pero debe haber un equilibrio entre ambas cosas. Definitivamente, voy a seguir pintando en la calle. No s\u00e9 si tambi\u00e9n le pasa a Shepard, pero para m\u00ed, salir sin mis <em>stickers<\/em> es como salir sin llaves o sin cartera. Tengo dos hijos y el mayor siempre me pregunta: Pap\u00e1, \u00bfllevas los <em>stickers<\/em>? Mis comienzos fueron humildes y tener ahora esculturas en la calle es mucho mejor perspectiva que andar pintando deprisa y salir corriendo para que no me pillen. Aun as\u00ed, lo seguir\u00e9 haciendo, aunque sea un acto ego\u00edsta.<\/p>\n<p>Shepard Fairey (Obey): Las dificultades para trabajar en la calle son parte del trabajo, y yo contin\u00fao haci\u00e9ndolo. Para m\u00ed el objetivo es llevar el arte a la gente en lugar de que la gente tenga que ir a galer\u00edas o museos, aunque estos son buenos lugares para mostrar arte y apreciarlo. La parte buena, como dec\u00eda D*Face, es que ahora me est\u00e1n ofreciendo m\u00e1s paredes, pero lo que mucha gente olvida es que no te van a ofrecer esas paredes hasta que hayas mostrado suficientemente tu arte en la calle. Me gusta hacerlo dentro de la ley, pero no me gusta que me nieguen los permisos. No comprenden que esto se l\u00eda de tal manera que no lo puedes desenredar.<\/p>\n<p>(Nota del entrevistador: En la actualidad, Shepard Fairey est\u00e1 padeciendo graves problemas legales y reclamaciones absolutamente desproporcionadas por parte de la jefa de polic\u00eda de Detroit).<\/p>\n<p><a href=\"\/\/www.tallerparentesis.com\/inoportunos\/files\/2015\/06\/P1000330.jpg\"><img decoding=\"async\" class=\"aligncenter size-full wp-image-259\" src=\"\/\/www.tallerparentesis.com\/inoportunos\/files\/2015\/06\/P1000330.jpg\" alt=\"Shepard Fairey (Obey)\" width=\"828\" height=\"535\" srcset=\"https:\/\/www.tallerparentesis.com\/inoportunos\/files\/2015\/06\/P1000330-300x194.jpg 300w, https:\/\/www.tallerparentesis.com\/inoportunos\/files\/2015\/06\/P1000330.jpg 828w\" sizes=\"(max-width: 828px) 100vw, 828px\" \/><\/a><\/p>\n<p><strong>Imaginemos que os conceden el deseo de hacer la obra que so\u00f1\u00e9is en el lugar que quer\u00e1is. \u00bfCu\u00e1l y d\u00f3nde ser\u00eda?<\/strong><\/p>\n<p>D*Face: Es una pregunta dif\u00edcil. Me gustar\u00eda hacer algo que fuese impactante, que cree controversia, algo que la gente no se espere. <em>D*Face en la Estatua de la Libertad<\/em> y que la gente se pregunte: \u00bfc\u00f3mo demonios lo ha hecho sin que lo pillen? Me gustar\u00eda hacer m\u00e1s esculturas p\u00fablicas con las que la gente pueda interactuar, obras que te mejoren el d\u00eda. Eso estar\u00eda muy bien. Aunque la mejor obra de arte seguir\u00e1 siendo encontrar la cura contra el c\u00e1ncer.<\/p>\n<p>Shepard Fairey: Me gustar\u00eda ir a Cisjordania a pintar en un muro. Si piensas en cu\u00e1nta tensi\u00f3n hay all\u00ed, es un lugar muy simb\u00f3lico. Hay algunas personas que mantienen alta la fricci\u00f3n, pero todos los dem\u00e1s s\u00f3lo quieren interactuar con otras personas y apreciar la vida. Me gustar\u00eda pintar all\u00ed algo que recuerde a la gente que los seres humanos pueden ser generosos, creativos, pac\u00edficos. Es una idea v\u00e1lida para cualquier lugar del mundo, pero creo que all\u00ed lo necesitan m\u00e1s.<\/p>\n<p>&nbsp;<\/p>\n<p>Enlaces:<\/p>\n<p style=\"padding-left: 30px;\"><a href=\"\/\/cacmalaga.eu\/2015\/06\/26\/obey-2\/\" target=\"_blank\" rel=\"noopener\">Obey en CAC M\u00e1laga<\/a><\/p>\n<p style=\"padding-left: 30px;\"><a href=\"\/\/cacmalaga.eu\/2015\/06\/26\/dface-4\/\" target=\"_blank\" rel=\"noopener\">D*Face en CAC M\u00e1laga<\/a><\/p>\n<p>Agradecimientos:<\/p>\n<p style=\"padding-left: 30px;\">A Laura Corrales (que aparece en las fotos), por toda su ayuda y la gentileza con que nos\u00a0la prest\u00f3.<\/p>\n<p style=\"padding-left: 30px;\">A Lola Lorente, por su apoyo.<\/p>\n","protected":false},"excerpt":{"rendered":"<p>Del 26 de junio al 27 de septiembre, el CAC M\u00e1laga recoge la mayor retrospectiva de la obra de Shepard Fairey (Obey) realizada hasta la fecha, as\u00ed como la primera muestra en un museo del trabajo de D*Face. Estos dos artistas callejeros entran por m\u00e9ritos propios en los circuitos del arte reconocido. Ambos ten\u00e9is un icono que os representa y que utiliz\u00e1is por todo el mundo como firma. \u00bfPor qu\u00e9 [&hellip;]<\/p>\n","protected":false},"author":3,"featured_media":247,"comment_status":"open","ping_status":"open","sticky":false,"template":"","format":"standard","meta":{"footnotes":""},"categories":[16],"tags":[],"yoast_head":"<!-- This site is optimized with the Yoast SEO plugin v22.3 - https:\/\/yoast.com\/wordpress\/plugins\/seo\/ -->\n<title>Shepard Fairey (Obey) y D*Face en el CAC M\u00e1laga<\/title>\n<meta name=\"description\" content=\"Entrevistamos a Shepard Fairey (Obey) y a D*Face con motivo de la muestra conjunta que recoge sus principales obras en el CAC M\u00e1laga.\" \/>\n<meta name=\"robots\" content=\"index, follow, max-snippet:-1, max-image-preview:large, max-video-preview:-1\" \/>\n<link rel=\"canonical\" href=\"https:\/\/www.tallerparentesis.com\/inoportunos\/shepard-fairey-obey-y-dface\/\" \/>\n<meta property=\"og:locale\" content=\"es_ES\" \/>\n<meta property=\"og:type\" content=\"article\" \/>\n<meta property=\"og:title\" content=\"Shepard Fairey (Obey) y D*Face en el CAC M\u00e1laga\" \/>\n<meta property=\"og:description\" content=\"Entrevistamos a Shepard Fairey (Obey) y a D*Face con motivo de la muestra conjunta que recoge sus principales obras en el CAC M\u00e1laga.\" \/>\n<meta property=\"og:url\" content=\"https:\/\/www.tallerparentesis.com\/inoportunos\/shepard-fairey-obey-y-dface\/\" \/>\n<meta property=\"og:site_name\" content=\"Inoportunos\" \/>\n<meta property=\"article:publisher\" content=\"https:\/\/es-es.facebook.com\/tallerparentesismalaga\" \/>\n<meta property=\"article:author\" content=\"https:\/\/www.facebook.com\/rafael.caumel\" \/>\n<meta property=\"article:published_time\" content=\"2015-06-26T16:42:19+00:00\" \/>\n<meta property=\"article:modified_time\" content=\"2018-11-16T14:51:44+00:00\" \/>\n<meta property=\"og:image\" content=\"https:\/\/www.tallerparentesis.com\/inoportunos\/files\/2015\/06\/Obey-DFace.jpg\" \/>\n\t<meta property=\"og:image:width\" content=\"800\" \/>\n\t<meta property=\"og:image:height\" content=\"419\" \/>\n\t<meta property=\"og:image:type\" content=\"image\/jpeg\" \/>\n<meta name=\"author\" content=\"Rafa Caumel\" \/>\n<meta name=\"twitter:card\" content=\"summary_large_image\" \/>\n<meta name=\"twitter:creator\" content=\"@RafaCaumel\" \/>\n<meta name=\"twitter:site\" content=\"@tallerparentsis\" \/>\n<meta name=\"twitter:label1\" content=\"Escrito por\" \/>\n\t<meta name=\"twitter:data1\" content=\"Rafa Caumel\" \/>\n\t<meta name=\"twitter:label2\" content=\"Tiempo de lectura\" \/>\n\t<meta name=\"twitter:data2\" content=\"11 minutos\" \/>\n<script type=\"application\/ld+json\" class=\"yoast-schema-graph\">{\"@context\":\"https:\/\/schema.org\",\"@graph\":[{\"@type\":\"WebPage\",\"@id\":\"https:\/\/www.tallerparentesis.com\/inoportunos\/shepard-fairey-obey-y-dface\/\",\"url\":\"https:\/\/www.tallerparentesis.com\/inoportunos\/shepard-fairey-obey-y-dface\/\",\"name\":\"Shepard Fairey (Obey) y D*Face en el CAC M\u00e1laga\",\"isPartOf\":{\"@id\":\"https:\/\/www.tallerparentesis.com\/inoportunos\/#website\"},\"primaryImageOfPage\":{\"@id\":\"https:\/\/www.tallerparentesis.com\/inoportunos\/shepard-fairey-obey-y-dface\/#primaryimage\"},\"image\":{\"@id\":\"https:\/\/www.tallerparentesis.com\/inoportunos\/shepard-fairey-obey-y-dface\/#primaryimage\"},\"thumbnailUrl\":\"https:\/\/www.tallerparentesis.com\/inoportunos\/files\/2015\/06\/Obey-DFace.jpg\",\"datePublished\":\"2015-06-26T16:42:19+00:00\",\"dateModified\":\"2018-11-16T14:51:44+00:00\",\"author\":{\"@id\":\"https:\/\/www.tallerparentesis.com\/inoportunos\/#\/schema\/person\/f52cf9a129615314de650025d46aaac9\"},\"description\":\"Entrevistamos a Shepard Fairey (Obey) y a D*Face con motivo de la muestra conjunta que recoge sus principales obras en el CAC M\u00e1laga.\",\"breadcrumb\":{\"@id\":\"https:\/\/www.tallerparentesis.com\/inoportunos\/shepard-fairey-obey-y-dface\/#breadcrumb\"},\"inLanguage\":\"es\",\"potentialAction\":[{\"@type\":\"ReadAction\",\"target\":[\"https:\/\/www.tallerparentesis.com\/inoportunos\/shepard-fairey-obey-y-dface\/\"]}]},{\"@type\":\"ImageObject\",\"inLanguage\":\"es\",\"@id\":\"https:\/\/www.tallerparentesis.com\/inoportunos\/shepard-fairey-obey-y-dface\/#primaryimage\",\"url\":\"https:\/\/www.tallerparentesis.com\/inoportunos\/files\/2015\/06\/Obey-DFace.jpg\",\"contentUrl\":\"https:\/\/www.tallerparentesis.com\/inoportunos\/files\/2015\/06\/Obey-DFace.jpg\",\"width\":800,\"height\":419,\"caption\":\"Shepard Fairey (Obey) y D*Face\"},{\"@type\":\"BreadcrumbList\",\"@id\":\"https:\/\/www.tallerparentesis.com\/inoportunos\/shepard-fairey-obey-y-dface\/#breadcrumb\",\"itemListElement\":[{\"@type\":\"ListItem\",\"position\":1,\"name\":\"Portada\",\"item\":\"https:\/\/www.tallerparentesis.com\/inoportunos\/\"},{\"@type\":\"ListItem\",\"position\":2,\"name\":\"Shepard Fairey (Obey) y D*Face\"}]},{\"@type\":\"WebSite\",\"@id\":\"https:\/\/www.tallerparentesis.com\/inoportunos\/#website\",\"url\":\"https:\/\/www.tallerparentesis.com\/inoportunos\/\",\"name\":\"Inoportunos\",\"description\":\"Narraciones, art\u00edculos y entrevistas, a veces oportunos\",\"potentialAction\":[{\"@type\":\"SearchAction\",\"target\":{\"@type\":\"EntryPoint\",\"urlTemplate\":\"https:\/\/www.tallerparentesis.com\/inoportunos\/?s={search_term_string}\"},\"query-input\":\"required name=search_term_string\"}],\"inLanguage\":\"es\"},{\"@type\":\"Person\",\"@id\":\"https:\/\/www.tallerparentesis.com\/inoportunos\/#\/schema\/person\/f52cf9a129615314de650025d46aaac9\",\"name\":\"Rafa Caumel\",\"image\":{\"@type\":\"ImageObject\",\"inLanguage\":\"es\",\"@id\":\"https:\/\/www.tallerparentesis.com\/inoportunos\/#\/schema\/person\/image\/\",\"url\":\"https:\/\/www.tallerparentesis.com\/inoportunos\/files\/2015\/04\/Rafa0A-150x150.jpg\",\"contentUrl\":\"https:\/\/www.tallerparentesis.com\/inoportunos\/files\/2015\/04\/Rafa0A-150x150.jpg\",\"caption\":\"Rafa Caumel\"},\"description\":\"Director de Par\u00e9ntesis y de la editorial At\u00f3nitos. Fund\u00f3 y dirigi\u00f3 el peri\u00f3dico literario Par\u00e9ntesis y la revista FahrenheitXXI. Es ingeniero y escritor.\",\"sameAs\":[\"https:\/\/www.tallerparentesis.com\/taller-de-escritura-creativa-de-malaga\/profesor-escritura-malaga\/\",\"https:\/\/www.facebook.com\/rafael.caumel\",\"https:\/\/twitter.com\/RafaCaumel\"],\"url\":\"https:\/\/www.tallerparentesis.com\/inoportunos\/author\/rafael\/\"}]}<\/script>\n<!-- \/ Yoast SEO plugin. -->","yoast_head_json":{"title":"Shepard Fairey (Obey) y D*Face en el CAC M\u00e1laga","description":"Entrevistamos a Shepard Fairey (Obey) y a D*Face con motivo de la muestra conjunta que recoge sus principales obras en el CAC M\u00e1laga.","robots":{"index":"index","follow":"follow","max-snippet":"max-snippet:-1","max-image-preview":"max-image-preview:large","max-video-preview":"max-video-preview:-1"},"canonical":"https:\/\/www.tallerparentesis.com\/inoportunos\/shepard-fairey-obey-y-dface\/","og_locale":"es_ES","og_type":"article","og_title":"Shepard Fairey (Obey) y D*Face en el CAC M\u00e1laga","og_description":"Entrevistamos a Shepard Fairey (Obey) y a D*Face con motivo de la muestra conjunta que recoge sus principales obras en el CAC M\u00e1laga.","og_url":"https:\/\/www.tallerparentesis.com\/inoportunos\/shepard-fairey-obey-y-dface\/","og_site_name":"Inoportunos","article_publisher":"https:\/\/es-es.facebook.com\/tallerparentesismalaga","article_author":"https:\/\/www.facebook.com\/rafael.caumel","article_published_time":"2015-06-26T16:42:19+00:00","article_modified_time":"2018-11-16T14:51:44+00:00","og_image":[{"width":800,"height":419,"url":"https:\/\/www.tallerparentesis.com\/inoportunos\/files\/2015\/06\/Obey-DFace.jpg","type":"image\/jpeg"}],"author":"Rafa Caumel","twitter_card":"summary_large_image","twitter_creator":"@RafaCaumel","twitter_site":"@tallerparentsis","twitter_misc":{"Escrito por":"Rafa Caumel","Tiempo de lectura":"11 minutos"},"schema":{"@context":"https:\/\/schema.org","@graph":[{"@type":"WebPage","@id":"https:\/\/www.tallerparentesis.com\/inoportunos\/shepard-fairey-obey-y-dface\/","url":"https:\/\/www.tallerparentesis.com\/inoportunos\/shepard-fairey-obey-y-dface\/","name":"Shepard Fairey (Obey) y D*Face en el CAC M\u00e1laga","isPartOf":{"@id":"https:\/\/www.tallerparentesis.com\/inoportunos\/#website"},"primaryImageOfPage":{"@id":"https:\/\/www.tallerparentesis.com\/inoportunos\/shepard-fairey-obey-y-dface\/#primaryimage"},"image":{"@id":"https:\/\/www.tallerparentesis.com\/inoportunos\/shepard-fairey-obey-y-dface\/#primaryimage"},"thumbnailUrl":"https:\/\/www.tallerparentesis.com\/inoportunos\/files\/2015\/06\/Obey-DFace.jpg","datePublished":"2015-06-26T16:42:19+00:00","dateModified":"2018-11-16T14:51:44+00:00","author":{"@id":"https:\/\/www.tallerparentesis.com\/inoportunos\/#\/schema\/person\/f52cf9a129615314de650025d46aaac9"},"description":"Entrevistamos a Shepard Fairey (Obey) y a D*Face con motivo de la muestra conjunta que recoge sus principales obras en el CAC M\u00e1laga.","breadcrumb":{"@id":"https:\/\/www.tallerparentesis.com\/inoportunos\/shepard-fairey-obey-y-dface\/#breadcrumb"},"inLanguage":"es","potentialAction":[{"@type":"ReadAction","target":["https:\/\/www.tallerparentesis.com\/inoportunos\/shepard-fairey-obey-y-dface\/"]}]},{"@type":"ImageObject","inLanguage":"es","@id":"https:\/\/www.tallerparentesis.com\/inoportunos\/shepard-fairey-obey-y-dface\/#primaryimage","url":"https:\/\/www.tallerparentesis.com\/inoportunos\/files\/2015\/06\/Obey-DFace.jpg","contentUrl":"https:\/\/www.tallerparentesis.com\/inoportunos\/files\/2015\/06\/Obey-DFace.jpg","width":800,"height":419,"caption":"Shepard Fairey (Obey) y D*Face"},{"@type":"BreadcrumbList","@id":"https:\/\/www.tallerparentesis.com\/inoportunos\/shepard-fairey-obey-y-dface\/#breadcrumb","itemListElement":[{"@type":"ListItem","position":1,"name":"Portada","item":"https:\/\/www.tallerparentesis.com\/inoportunos\/"},{"@type":"ListItem","position":2,"name":"Shepard Fairey (Obey) y D*Face"}]},{"@type":"WebSite","@id":"https:\/\/www.tallerparentesis.com\/inoportunos\/#website","url":"https:\/\/www.tallerparentesis.com\/inoportunos\/","name":"Inoportunos","description":"Narraciones, art\u00edculos y entrevistas, a veces oportunos","potentialAction":[{"@type":"SearchAction","target":{"@type":"EntryPoint","urlTemplate":"https:\/\/www.tallerparentesis.com\/inoportunos\/?s={search_term_string}"},"query-input":"required name=search_term_string"}],"inLanguage":"es"},{"@type":"Person","@id":"https:\/\/www.tallerparentesis.com\/inoportunos\/#\/schema\/person\/f52cf9a129615314de650025d46aaac9","name":"Rafa Caumel","image":{"@type":"ImageObject","inLanguage":"es","@id":"https:\/\/www.tallerparentesis.com\/inoportunos\/#\/schema\/person\/image\/","url":"https:\/\/www.tallerparentesis.com\/inoportunos\/files\/2015\/04\/Rafa0A-150x150.jpg","contentUrl":"https:\/\/www.tallerparentesis.com\/inoportunos\/files\/2015\/04\/Rafa0A-150x150.jpg","caption":"Rafa Caumel"},"description":"Director de Par\u00e9ntesis y de la editorial At\u00f3nitos. Fund\u00f3 y dirigi\u00f3 el peri\u00f3dico literario Par\u00e9ntesis y la revista FahrenheitXXI. Es ingeniero y escritor.","sameAs":["https:\/\/www.tallerparentesis.com\/taller-de-escritura-creativa-de-malaga\/profesor-escritura-malaga\/","https:\/\/www.facebook.com\/rafael.caumel","https:\/\/twitter.com\/RafaCaumel"],"url":"https:\/\/www.tallerparentesis.com\/inoportunos\/author\/rafael\/"}]}},"_links":{"self":[{"href":"https:\/\/www.tallerparentesis.com\/inoportunos\/wp-json\/wp\/v2\/posts\/243"}],"collection":[{"href":"https:\/\/www.tallerparentesis.com\/inoportunos\/wp-json\/wp\/v2\/posts"}],"about":[{"href":"https:\/\/www.tallerparentesis.com\/inoportunos\/wp-json\/wp\/v2\/types\/post"}],"author":[{"embeddable":true,"href":"https:\/\/www.tallerparentesis.com\/inoportunos\/wp-json\/wp\/v2\/users\/3"}],"replies":[{"embeddable":true,"href":"https:\/\/www.tallerparentesis.com\/inoportunos\/wp-json\/wp\/v2\/comments?post=243"}],"version-history":[{"count":13,"href":"https:\/\/www.tallerparentesis.com\/inoportunos\/wp-json\/wp\/v2\/posts\/243\/revisions"}],"predecessor-version":[{"id":504,"href":"https:\/\/www.tallerparentesis.com\/inoportunos\/wp-json\/wp\/v2\/posts\/243\/revisions\/504"}],"wp:featuredmedia":[{"embeddable":true,"href":"https:\/\/www.tallerparentesis.com\/inoportunos\/wp-json\/wp\/v2\/media\/247"}],"wp:attachment":[{"href":"https:\/\/www.tallerparentesis.com\/inoportunos\/wp-json\/wp\/v2\/media?parent=243"}],"wp:term":[{"taxonomy":"category","embeddable":true,"href":"https:\/\/www.tallerparentesis.com\/inoportunos\/wp-json\/wp\/v2\/categories?post=243"},{"taxonomy":"post_tag","embeddable":true,"href":"https:\/\/www.tallerparentesis.com\/inoportunos\/wp-json\/wp\/v2\/tags?post=243"}],"curies":[{"name":"wp","href":"https:\/\/api.w.org\/{rel}","templated":true}]}}