{"id":379,"date":"2015-09-07T18:41:15","date_gmt":"2015-09-07T17:41:15","guid":{"rendered":"https:\/\/www.tallerparentesis.com\/inoportunos\/?p=379"},"modified":"2017-03-13T18:53:11","modified_gmt":"2017-03-13T17:53:11","slug":"el-corrector","status":"publish","type":"post","link":"https:\/\/www.tallerparentesis.com\/inoportunos\/el-corrector\/","title":{"rendered":"El corrector"},"content":{"rendered":"<p>Me lo presentaron durante una comida y ya no pude despeg\u00e1rmelo. \u201cEs el corrector profesional\u201d, comentaron, \u201clo hemos contratado para que retoque tus textos antes de ir a imprenta\u201d. No me dijeron su nombre. Le tend\u00ed una mano. No la estrech\u00f3. Parec\u00eda un hombre de otro tiempo: alto y trajeado, con sombrero, bigote perfilado y mon\u00f3culo tapando su ojo derecho. Se abstuvo de participar en la conversaci\u00f3n y apenas si prob\u00f3 un par de bocados.<\/p>\n<p>Aquella tarde le envi\u00e9 un correo electr\u00f3nico a la direcci\u00f3n que me facilitaron. Adjuntos iban mis tres art\u00edculos para el siguiente n\u00famero de la revista. No hab\u00edan transcurrido m\u00e1s de cinco minutos cuando recib\u00ed respuesta. El asunto del mensaje rezaba \u201cNo, no, as\u00ed no\u201d. Con pocas y educadas palabras el corrector me instaba a leer las correcciones que hab\u00eda introducido en cada borrador. Pens\u00e9 que aquello era imposible, no hab\u00eda tenido tiempo. Abr\u00ed los documentos y, en efecto, los encontr\u00e9 modificados, totalmente irreconocibles,\u00a0 puntos de vista distintos a los originales. Se hab\u00eda adue\u00f1ado de mis textos en un tiempo r\u00e9cord. No obstante, acept\u00e9 sus cambios abrumado.<\/p>\n<p>Al d\u00eda siguiente el corrector vino a la redacci\u00f3n y se ofreci\u00f3 a corregir mi columna para el peri\u00f3dico. Agradec\u00ed su gesto, pero le dije que no era necesario. \u00c9l hizo caso omiso. Se quit\u00f3 el sombrero y ocup\u00f3 un terminal cercano. Durante un rato estuvo introduciendo variaciones. Como un mantra lo escuchaba mascullar \u201cno, no, as\u00ed no\u201d. Luego se march\u00f3 sin decir adi\u00f3s. A \u00faltima hora borr\u00e9 su trabajo y present\u00e9 el m\u00edo al editor que, extra\u00f1ado, me coment\u00f3 que el art\u00edculo ya hab\u00eda sido mandado a cierre.<\/p>\n<p>Esa misma noche intentaba yo dejar el coche en una angosta plaza de aparcamiento cerca de donde vivo, cuando una figura surgi\u00f3 de entre las sombras. Era el corrector. \u201cNo, no, as\u00ed no\u201d, o\u00ed que murmuraba. Me oblig\u00f3 a cederle el asiento de conductor. En una \u00fanica maniobra estacion\u00f3 el veh\u00edculo. Entonces subi\u00f3 a casa conmigo y fue apagando cada una de las luces que yo encend\u00eda, al tiempo que pulsaba el interruptor de otras. \u201cAs\u00ed s\u00ed, mejor con esta iluminaci\u00f3n\u201d. Adem\u00e1s, sus manos detuvieron las m\u00edas cuando me desabrochaba los cordones de los zapatos. \u201cNo, no, as\u00ed no, m\u00e1s f\u00e1cil\u201d. Tuve que preparar la cena c\u00f3mo \u00e9l quiso y di cuenta de ella en la mesa que \u00e9l me indic\u00f3. S\u00f3lo cuando me dej\u00f3 acostado y se sinti\u00f3 seguro de que sabr\u00eda mantener la \u201cpostura correcta\u201d, se march\u00f3 del piso.<\/p>\n<p>Me levant\u00e9 temprano. Escondido tras unas gafas de sol y mi gorra azul, sal\u00ed de casa y cog\u00ed el autob\u00fas que lleva al puerto. Junto a los grandes buques y barcos pase\u00e9 hasta la tarde. Esa noche Sara llegaba de su viaje y le hab\u00eda prometido vernos. Fui a su piso. Qu\u00e9 alegr\u00eda. Pregunt\u00e9 c\u00f3mo le hab\u00eda ido la semana. \u201cTe veo muy demacrado, \u00bfest\u00e1s bien?\u201d, contest\u00f3 ella. Mi respuesta fue un beso muy largo. Quit\u00e1ndonos la ropa, entramos en su cuarto. Sent\u00ed que me olvidaba de todo\u2026 \u201cNo, no, as\u00ed no\u201d, o\u00ed recriminar al corrector instantes antes de verme arrastrado a empujones fuera de la cama. Desnudo sobre la alfombra, vi c\u00f3mo \u00e9l ocupaba mi lugar. \u201cAs\u00ed s\u00ed, mucho mejor\u201d, repet\u00eda una y otra vez mientras le hac\u00eda el amor a Sara y su mon\u00f3culo se balanceaba de una teta a otra.<\/p>\n<p>Esper\u00e9 despierto. Lleg\u00f3 a casa de madrugada con una sonrisa de oreja a oreja. Le clav\u00e9 un abrecartas a la altura del pecho. La inexperiencia hizo que mi pu\u00f1alada no fuese profunda. Parte de la hoja qued\u00f3 fuera. El corrector me mir\u00f3 con m\u00e1s decepci\u00f3n que dolor. \u201cNo, no, as\u00ed no\u201d, afirm\u00f3 antes de agarrar el mango y atravesarse el coraz\u00f3n.<\/p>\n","protected":false},"excerpt":{"rendered":"<p>Me lo presentaron durante una comida y ya no pude despeg\u00e1rmelo. \u201cEs el corrector profesional\u201d, comentaron, \u201clo hemos contratado para que retoque tus textos antes de ir a imprenta\u201d. No me dijeron su nombre. Le tend\u00ed una mano. No la estrech\u00f3. Parec\u00eda un hombre de otro tiempo: alto y trajeado, con sombrero, bigote perfilado y mon\u00f3culo tapando su ojo derecho. Se abstuvo de participar en la conversaci\u00f3n y apenas si [&hellip;]<\/p>\n","protected":false},"author":178,"featured_media":380,"comment_status":"open","ping_status":"open","sticky":false,"template":"","format":"standard","meta":{"footnotes":""},"categories":[13],"tags":[],"yoast_head":"<!-- This site is optimized with the Yoast SEO plugin v22.3 - https:\/\/yoast.com\/wordpress\/plugins\/seo\/ -->\n<title>El corrector<\/title>\n<meta name=\"description\" content=\"&quot;El corrector&quot; es el nuevo e inquietante relato de Fernando Garc\u00eda de la Cruz.\" \/>\n<meta name=\"robots\" content=\"index, follow, max-snippet:-1, max-image-preview:large, max-video-preview:-1\" \/>\n<link rel=\"canonical\" href=\"https:\/\/www.tallerparentesis.com\/inoportunos\/el-corrector\/\" \/>\n<meta property=\"og:locale\" content=\"es_ES\" \/>\n<meta property=\"og:type\" content=\"article\" \/>\n<meta property=\"og:title\" content=\"El corrector\" \/>\n<meta property=\"og:description\" content=\"&quot;El corrector&quot; es el nuevo e inquietante relato de Fernando Garc\u00eda de la Cruz.\" \/>\n<meta property=\"og:url\" content=\"https:\/\/www.tallerparentesis.com\/inoportunos\/el-corrector\/\" \/>\n<meta property=\"og:site_name\" content=\"Inoportunos\" \/>\n<meta property=\"article:publisher\" content=\"https:\/\/es-es.facebook.com\/tallerparentesismalaga\" \/>\n<meta property=\"article:published_time\" content=\"2015-09-07T17:41:15+00:00\" \/>\n<meta property=\"article:modified_time\" content=\"2017-03-13T17:53:11+00:00\" \/>\n<meta property=\"og:image\" content=\"https:\/\/www.tallerparentesis.com\/inoportunos\/files\/2015\/09\/EL-CENSOR-04.jpg\" \/>\n\t<meta property=\"og:image:width\" content=\"556\" \/>\n\t<meta property=\"og:image:height\" content=\"292\" \/>\n\t<meta property=\"og:image:type\" content=\"image\/jpeg\" \/>\n<meta name=\"author\" content=\"Fernando Garc\u00eda de la Cruz\" \/>\n<meta name=\"twitter:card\" content=\"summary_large_image\" \/>\n<meta name=\"twitter:creator\" content=\"@tallerparentsis\" \/>\n<meta name=\"twitter:site\" content=\"@tallerparentsis\" \/>\n<meta name=\"twitter:label1\" content=\"Escrito por\" \/>\n\t<meta name=\"twitter:data1\" content=\"Fernando Garc\u00eda de la Cruz\" \/>\n\t<meta name=\"twitter:label2\" content=\"Tiempo de lectura\" \/>\n\t<meta name=\"twitter:data2\" content=\"3 minutos\" \/>\n<script type=\"application\/ld+json\" class=\"yoast-schema-graph\">{\"@context\":\"https:\/\/schema.org\",\"@graph\":[{\"@type\":\"WebPage\",\"@id\":\"https:\/\/www.tallerparentesis.com\/inoportunos\/el-corrector\/\",\"url\":\"https:\/\/www.tallerparentesis.com\/inoportunos\/el-corrector\/\",\"name\":\"El corrector\",\"isPartOf\":{\"@id\":\"https:\/\/www.tallerparentesis.com\/inoportunos\/#website\"},\"primaryImageOfPage\":{\"@id\":\"https:\/\/www.tallerparentesis.com\/inoportunos\/el-corrector\/#primaryimage\"},\"image\":{\"@id\":\"https:\/\/www.tallerparentesis.com\/inoportunos\/el-corrector\/#primaryimage\"},\"thumbnailUrl\":\"https:\/\/www.tallerparentesis.com\/inoportunos\/files\/2015\/09\/EL-CENSOR-04.jpg\",\"datePublished\":\"2015-09-07T17:41:15+00:00\",\"dateModified\":\"2017-03-13T17:53:11+00:00\",\"author\":{\"@id\":\"https:\/\/www.tallerparentesis.com\/inoportunos\/#\/schema\/person\/34bc7cf3eb7f2c163ad32c2fd91d8885\"},\"description\":\"\\\"El corrector\\\" es el nuevo e inquietante relato de Fernando Garc\u00eda de la Cruz.\",\"breadcrumb\":{\"@id\":\"https:\/\/www.tallerparentesis.com\/inoportunos\/el-corrector\/#breadcrumb\"},\"inLanguage\":\"es\",\"potentialAction\":[{\"@type\":\"ReadAction\",\"target\":[\"https:\/\/www.tallerparentesis.com\/inoportunos\/el-corrector\/\"]}]},{\"@type\":\"ImageObject\",\"inLanguage\":\"es\",\"@id\":\"https:\/\/www.tallerparentesis.com\/inoportunos\/el-corrector\/#primaryimage\",\"url\":\"https:\/\/www.tallerparentesis.com\/inoportunos\/files\/2015\/09\/EL-CENSOR-04.jpg\",\"contentUrl\":\"https:\/\/www.tallerparentesis.com\/inoportunos\/files\/2015\/09\/EL-CENSOR-04.jpg\",\"width\":556,\"height\":292},{\"@type\":\"BreadcrumbList\",\"@id\":\"https:\/\/www.tallerparentesis.com\/inoportunos\/el-corrector\/#breadcrumb\",\"itemListElement\":[{\"@type\":\"ListItem\",\"position\":1,\"name\":\"Portada\",\"item\":\"https:\/\/www.tallerparentesis.com\/inoportunos\/\"},{\"@type\":\"ListItem\",\"position\":2,\"name\":\"El corrector\"}]},{\"@type\":\"WebSite\",\"@id\":\"https:\/\/www.tallerparentesis.com\/inoportunos\/#website\",\"url\":\"https:\/\/www.tallerparentesis.com\/inoportunos\/\",\"name\":\"Inoportunos\",\"description\":\"Narraciones, art\u00edculos y entrevistas, a veces oportunos\",\"potentialAction\":[{\"@type\":\"SearchAction\",\"target\":{\"@type\":\"EntryPoint\",\"urlTemplate\":\"https:\/\/www.tallerparentesis.com\/inoportunos\/?s={search_term_string}\"},\"query-input\":\"required name=search_term_string\"}],\"inLanguage\":\"es\"},{\"@type\":\"Person\",\"@id\":\"https:\/\/www.tallerparentesis.com\/inoportunos\/#\/schema\/person\/34bc7cf3eb7f2c163ad32c2fd91d8885\",\"name\":\"Fernando Garc\u00eda de la Cruz\",\"image\":{\"@type\":\"ImageObject\",\"inLanguage\":\"es\",\"@id\":\"https:\/\/www.tallerparentesis.com\/inoportunos\/#\/schema\/person\/image\/\",\"url\":\"https:\/\/www.tallerparentesis.com\/inoportunos\/files\/2015\/04\/imagen-fernando-150x150.jpg\",\"contentUrl\":\"https:\/\/www.tallerparentesis.com\/inoportunos\/files\/2015\/04\/imagen-fernando-150x150.jpg\",\"caption\":\"Fernando Garc\u00eda de la Cruz\"},\"description\":\"Periodista y colaborador habitual de diversas publicaciones. Antiguo alumno del taller de escritura Par\u00e9ntesis. La antolog\u00eda \\\"Territorio l\u00edquido. Relatos de la incertidumbre\\\" contiene algunas de sus historias.\",\"url\":\"https:\/\/www.tallerparentesis.com\/inoportunos\/author\/fernandogarcia\/\"}]}<\/script>\n<!-- \/ Yoast SEO plugin. -->","yoast_head_json":{"title":"El corrector","description":"\"El corrector\" es el nuevo e inquietante relato de Fernando Garc\u00eda de la Cruz.","robots":{"index":"index","follow":"follow","max-snippet":"max-snippet:-1","max-image-preview":"max-image-preview:large","max-video-preview":"max-video-preview:-1"},"canonical":"https:\/\/www.tallerparentesis.com\/inoportunos\/el-corrector\/","og_locale":"es_ES","og_type":"article","og_title":"El corrector","og_description":"\"El corrector\" es el nuevo e inquietante relato de Fernando Garc\u00eda de la Cruz.","og_url":"https:\/\/www.tallerparentesis.com\/inoportunos\/el-corrector\/","og_site_name":"Inoportunos","article_publisher":"https:\/\/es-es.facebook.com\/tallerparentesismalaga","article_published_time":"2015-09-07T17:41:15+00:00","article_modified_time":"2017-03-13T17:53:11+00:00","og_image":[{"width":556,"height":292,"url":"https:\/\/www.tallerparentesis.com\/inoportunos\/files\/2015\/09\/EL-CENSOR-04.jpg","type":"image\/jpeg"}],"author":"Fernando Garc\u00eda de la Cruz","twitter_card":"summary_large_image","twitter_creator":"@tallerparentsis","twitter_site":"@tallerparentsis","twitter_misc":{"Escrito por":"Fernando Garc\u00eda de la Cruz","Tiempo de lectura":"3 minutos"},"schema":{"@context":"https:\/\/schema.org","@graph":[{"@type":"WebPage","@id":"https:\/\/www.tallerparentesis.com\/inoportunos\/el-corrector\/","url":"https:\/\/www.tallerparentesis.com\/inoportunos\/el-corrector\/","name":"El corrector","isPartOf":{"@id":"https:\/\/www.tallerparentesis.com\/inoportunos\/#website"},"primaryImageOfPage":{"@id":"https:\/\/www.tallerparentesis.com\/inoportunos\/el-corrector\/#primaryimage"},"image":{"@id":"https:\/\/www.tallerparentesis.com\/inoportunos\/el-corrector\/#primaryimage"},"thumbnailUrl":"https:\/\/www.tallerparentesis.com\/inoportunos\/files\/2015\/09\/EL-CENSOR-04.jpg","datePublished":"2015-09-07T17:41:15+00:00","dateModified":"2017-03-13T17:53:11+00:00","author":{"@id":"https:\/\/www.tallerparentesis.com\/inoportunos\/#\/schema\/person\/34bc7cf3eb7f2c163ad32c2fd91d8885"},"description":"\"El corrector\" es el nuevo e inquietante relato de Fernando Garc\u00eda de la Cruz.","breadcrumb":{"@id":"https:\/\/www.tallerparentesis.com\/inoportunos\/el-corrector\/#breadcrumb"},"inLanguage":"es","potentialAction":[{"@type":"ReadAction","target":["https:\/\/www.tallerparentesis.com\/inoportunos\/el-corrector\/"]}]},{"@type":"ImageObject","inLanguage":"es","@id":"https:\/\/www.tallerparentesis.com\/inoportunos\/el-corrector\/#primaryimage","url":"https:\/\/www.tallerparentesis.com\/inoportunos\/files\/2015\/09\/EL-CENSOR-04.jpg","contentUrl":"https:\/\/www.tallerparentesis.com\/inoportunos\/files\/2015\/09\/EL-CENSOR-04.jpg","width":556,"height":292},{"@type":"BreadcrumbList","@id":"https:\/\/www.tallerparentesis.com\/inoportunos\/el-corrector\/#breadcrumb","itemListElement":[{"@type":"ListItem","position":1,"name":"Portada","item":"https:\/\/www.tallerparentesis.com\/inoportunos\/"},{"@type":"ListItem","position":2,"name":"El corrector"}]},{"@type":"WebSite","@id":"https:\/\/www.tallerparentesis.com\/inoportunos\/#website","url":"https:\/\/www.tallerparentesis.com\/inoportunos\/","name":"Inoportunos","description":"Narraciones, art\u00edculos y entrevistas, a veces oportunos","potentialAction":[{"@type":"SearchAction","target":{"@type":"EntryPoint","urlTemplate":"https:\/\/www.tallerparentesis.com\/inoportunos\/?s={search_term_string}"},"query-input":"required name=search_term_string"}],"inLanguage":"es"},{"@type":"Person","@id":"https:\/\/www.tallerparentesis.com\/inoportunos\/#\/schema\/person\/34bc7cf3eb7f2c163ad32c2fd91d8885","name":"Fernando Garc\u00eda de la Cruz","image":{"@type":"ImageObject","inLanguage":"es","@id":"https:\/\/www.tallerparentesis.com\/inoportunos\/#\/schema\/person\/image\/","url":"https:\/\/www.tallerparentesis.com\/inoportunos\/files\/2015\/04\/imagen-fernando-150x150.jpg","contentUrl":"https:\/\/www.tallerparentesis.com\/inoportunos\/files\/2015\/04\/imagen-fernando-150x150.jpg","caption":"Fernando Garc\u00eda de la Cruz"},"description":"Periodista y colaborador habitual de diversas publicaciones. Antiguo alumno del taller de escritura Par\u00e9ntesis. La antolog\u00eda \"Territorio l\u00edquido. Relatos de la incertidumbre\" contiene algunas de sus historias.","url":"https:\/\/www.tallerparentesis.com\/inoportunos\/author\/fernandogarcia\/"}]}},"_links":{"self":[{"href":"https:\/\/www.tallerparentesis.com\/inoportunos\/wp-json\/wp\/v2\/posts\/379"}],"collection":[{"href":"https:\/\/www.tallerparentesis.com\/inoportunos\/wp-json\/wp\/v2\/posts"}],"about":[{"href":"https:\/\/www.tallerparentesis.com\/inoportunos\/wp-json\/wp\/v2\/types\/post"}],"author":[{"embeddable":true,"href":"https:\/\/www.tallerparentesis.com\/inoportunos\/wp-json\/wp\/v2\/users\/178"}],"replies":[{"embeddable":true,"href":"https:\/\/www.tallerparentesis.com\/inoportunos\/wp-json\/wp\/v2\/comments?post=379"}],"version-history":[{"count":1,"href":"https:\/\/www.tallerparentesis.com\/inoportunos\/wp-json\/wp\/v2\/posts\/379\/revisions"}],"predecessor-version":[{"id":381,"href":"https:\/\/www.tallerparentesis.com\/inoportunos\/wp-json\/wp\/v2\/posts\/379\/revisions\/381"}],"wp:featuredmedia":[{"embeddable":true,"href":"https:\/\/www.tallerparentesis.com\/inoportunos\/wp-json\/wp\/v2\/media\/380"}],"wp:attachment":[{"href":"https:\/\/www.tallerparentesis.com\/inoportunos\/wp-json\/wp\/v2\/media?parent=379"}],"wp:term":[{"taxonomy":"category","embeddable":true,"href":"https:\/\/www.tallerparentesis.com\/inoportunos\/wp-json\/wp\/v2\/categories?post=379"},{"taxonomy":"post_tag","embeddable":true,"href":"https:\/\/www.tallerparentesis.com\/inoportunos\/wp-json\/wp\/v2\/tags?post=379"}],"curies":[{"name":"wp","href":"https:\/\/api.w.org\/{rel}","templated":true}]}}