{"id":411,"date":"2015-10-28T00:04:09","date_gmt":"2015-10-27T23:04:09","guid":{"rendered":"https:\/\/www.tallerparentesis.com\/inoportunos\/?p=411"},"modified":"2017-03-13T18:53:10","modified_gmt":"2017-03-13T17:53:10","slug":"valor-y-precio","status":"publish","type":"post","link":"https:\/\/www.tallerparentesis.com\/inoportunos\/valor-y-precio\/","title":{"rendered":"Valor y precio"},"content":{"rendered":"<p style=\"text-align: right;\"><em>A mi madre.<\/em><\/p>\n<p style=\"text-align: left;\">No sub\u00ed a su casa cuando fui a recoger a mi hermana para ir a aquella boda, llevaba prisa. Me sorprendi\u00f3 verla junto a ella, esperando en la puerta del parking. \u2014A ver, deja que te mire \u2014insist\u00eda en que bajara\u00a0del coche. Yo sab\u00eda que estaba guapa y lo hice entre molesta y presumida, porque la falda se arrugaba a cada movimiento. Me gust\u00f3 su cara de orgullo y me sent\u00ed aprobada, pero la duda de que ella esperaba otra cosa se aloj\u00f3 entre mis costillas, y no logr\u00e9 entender de qu\u00e9 se trataba hasta que record\u00e9 el chal dorado.<\/p>\n<p>Hac\u00eda unos d\u00edas lo hab\u00eda visto en un escaparate y record\u00e9 que ella ten\u00eda un hilo parecido, que a veces nos mostraba a las tres hermanas a modo de rifa pac\u00edfica. \u2014\u00bfPor qu\u00e9 no me haces un chal con el hilo dorado que tienes? He visto uno a ganchillo car\u00edsimo en una tienda pija\u2014. Refunfu\u00f1\u00f3 un poco porque llevaba d\u00edas persigui\u00e9ndome para que comprase el hilo de la colcha de ganchillo familiar, que mis hermanas ya ten\u00edan. Como soy la tercera, por fin era mi turno, incluso hab\u00edamos acordado que ser\u00eda de cuadros de colores, porque quer\u00eda usarla en mi casa reci\u00e9n estrenada. Pero yo no ten\u00eda tiempo para comprarlo y siempre gastaba el dinero en comprar otras cosas, pensaba que podr\u00eda hac\u00e9rmela en cualquier otro momento.<\/p>\n<p>Al d\u00eda siguiente ya ten\u00eda un par de muestras del chal para que eligiese el modelo, y lo fue tejiendo, alternando la mirada entre este, su nieta y la televisi\u00f3n. Sus dedos apenas tocaban cada uno de los hilos que trenzaba, as\u00ed, como si fuera f\u00e1cil. Cuando estuvo terminado, bello y perfecto, se me antojaron unos adornos que lo rematasen porque no quedaba hilo suficiente para los flecos. Compr\u00e9 unas piedritas color \u00e1mbar que ella entreteji\u00f3, una a una, esa misma tarde.<\/p>\n<p>Me empe\u00f1\u00e9 en combinarlo en la comuni\u00f3n del hijo de unos vecinos. Ella se asomaba entre la gente en plena ceremonia para sonre\u00edrme y asentir. \u2014\u00bfEs bonito, no?\u2014 y yo le dedicaba mi sonrisa m\u00e1s brillante, llena de la ternura y admiraci\u00f3n que sent\u00eda por el volc\u00e1n dormido que era mi madre.<\/p>\n<p>Creo que no pas\u00f3 ni un mes, no quiero hacer cuentas, hasta que lleg\u00f3 aquel derrame. Hoy s\u00ed, ma\u00f1ana no. Se hab\u00eda ido.<\/p>\n<p>A veces lo saco solo para tocarlo, miro cada hilo, cada peque\u00f1o nudo del remate a mano, cada cuenta (y las que ya le van faltando) y me parece rozar la yema de sus dedos. El hilo me gui\u00f1a con sus brillos, y yo hundo la cara en mi colcha dorada. Descubro que las sandalias, el bolso y el resto de complementos que tuve que comprar para combinar ese chal, superaban el precio de aquel otro de la tienda. Entonces entiendo que nada de lo anterior vale tanto como la sonrisa de mi madre ese d\u00eda, ni ese \u00faltimo capricho que nos concedimos antes de que me dijese por \u00faltima vez aquello de <em>da un toque cuando llegues a casa<\/em>.<\/p>\n","protected":false},"excerpt":{"rendered":"<p>A mi madre. No sub\u00ed a su casa cuando fui a recoger a mi hermana para ir a aquella boda, llevaba prisa. Me sorprendi\u00f3 verla junto a ella, esperando en la puerta del parking. \u2014A ver, deja que te mire \u2014insist\u00eda en que bajara\u00a0del coche. Yo sab\u00eda que estaba guapa y lo hice entre molesta y presumida, porque la falda se arrugaba a cada movimiento. Me gust\u00f3 su cara de [&hellip;]<\/p>\n","protected":false},"author":120,"featured_media":412,"comment_status":"open","ping_status":"open","sticky":false,"template":"","format":"standard","meta":{"footnotes":""},"categories":[14],"tags":[],"yoast_head":"<!-- This site is optimized with the Yoast SEO plugin v22.3 - https:\/\/yoast.com\/wordpress\/plugins\/seo\/ -->\n<title>Valor y precio<\/title>\n<meta name=\"description\" content=\"&quot;Valor y precio&quot; es la emotiva reflexi\u00f3n de Lola Llorente sobre la inmensidad que separa, a veces, el valor de las cosas y su precio de mercado.\" \/>\n<meta name=\"robots\" content=\"index, follow, max-snippet:-1, max-image-preview:large, max-video-preview:-1\" \/>\n<link rel=\"canonical\" href=\"https:\/\/www.tallerparentesis.com\/inoportunos\/valor-y-precio\/\" \/>\n<meta property=\"og:locale\" content=\"es_ES\" \/>\n<meta property=\"og:type\" content=\"article\" \/>\n<meta property=\"og:title\" content=\"Valor y precio\" \/>\n<meta property=\"og:description\" content=\"&quot;Valor y precio&quot; es la emotiva reflexi\u00f3n de Lola Llorente sobre la inmensidad que separa, a veces, el valor de las cosas y su precio de mercado.\" \/>\n<meta property=\"og:url\" content=\"https:\/\/www.tallerparentesis.com\/inoportunos\/valor-y-precio\/\" \/>\n<meta property=\"og:site_name\" content=\"Inoportunos\" \/>\n<meta property=\"article:publisher\" content=\"https:\/\/es-es.facebook.com\/tallerparentesismalaga\" \/>\n<meta property=\"article:published_time\" content=\"2015-10-27T23:04:09+00:00\" \/>\n<meta property=\"article:modified_time\" content=\"2017-03-13T17:53:10+00:00\" \/>\n<meta property=\"og:image\" content=\"https:\/\/www.tallerparentesis.com\/inoportunos\/files\/2015\/10\/VALOR-Y-PRECIO-03.jpg\" \/>\n\t<meta property=\"og:image:width\" content=\"710\" \/>\n\t<meta property=\"og:image:height\" content=\"372\" \/>\n\t<meta property=\"og:image:type\" content=\"image\/jpeg\" \/>\n<meta name=\"author\" content=\"Lola Lorente\" \/>\n<meta name=\"twitter:card\" content=\"summary_large_image\" \/>\n<meta name=\"twitter:creator\" content=\"@tallerparentsis\" \/>\n<meta name=\"twitter:site\" content=\"@tallerparentsis\" \/>\n<meta name=\"twitter:label1\" content=\"Escrito por\" \/>\n\t<meta name=\"twitter:data1\" content=\"Lola Lorente\" \/>\n\t<meta name=\"twitter:label2\" content=\"Tiempo de lectura\" \/>\n\t<meta name=\"twitter:data2\" content=\"3 minutos\" \/>\n<script type=\"application\/ld+json\" class=\"yoast-schema-graph\">{\"@context\":\"https:\/\/schema.org\",\"@graph\":[{\"@type\":\"WebPage\",\"@id\":\"https:\/\/www.tallerparentesis.com\/inoportunos\/valor-y-precio\/\",\"url\":\"https:\/\/www.tallerparentesis.com\/inoportunos\/valor-y-precio\/\",\"name\":\"Valor y precio\",\"isPartOf\":{\"@id\":\"https:\/\/www.tallerparentesis.com\/inoportunos\/#website\"},\"primaryImageOfPage\":{\"@id\":\"https:\/\/www.tallerparentesis.com\/inoportunos\/valor-y-precio\/#primaryimage\"},\"image\":{\"@id\":\"https:\/\/www.tallerparentesis.com\/inoportunos\/valor-y-precio\/#primaryimage\"},\"thumbnailUrl\":\"https:\/\/www.tallerparentesis.com\/inoportunos\/files\/2015\/10\/VALOR-Y-PRECIO-03.jpg\",\"datePublished\":\"2015-10-27T23:04:09+00:00\",\"dateModified\":\"2017-03-13T17:53:10+00:00\",\"author\":{\"@id\":\"https:\/\/www.tallerparentesis.com\/inoportunos\/#\/schema\/person\/978df3fcdc9711fd18b478dbfd0d16e7\"},\"description\":\"\\\"Valor y precio\\\" es la emotiva reflexi\u00f3n de Lola Llorente sobre la inmensidad que separa, a veces, el valor de las cosas y su precio de mercado.\",\"breadcrumb\":{\"@id\":\"https:\/\/www.tallerparentesis.com\/inoportunos\/valor-y-precio\/#breadcrumb\"},\"inLanguage\":\"es\",\"potentialAction\":[{\"@type\":\"ReadAction\",\"target\":[\"https:\/\/www.tallerparentesis.com\/inoportunos\/valor-y-precio\/\"]}]},{\"@type\":\"ImageObject\",\"inLanguage\":\"es\",\"@id\":\"https:\/\/www.tallerparentesis.com\/inoportunos\/valor-y-precio\/#primaryimage\",\"url\":\"https:\/\/www.tallerparentesis.com\/inoportunos\/files\/2015\/10\/VALOR-Y-PRECIO-03.jpg\",\"contentUrl\":\"https:\/\/www.tallerparentesis.com\/inoportunos\/files\/2015\/10\/VALOR-Y-PRECIO-03.jpg\",\"width\":710,\"height\":372},{\"@type\":\"BreadcrumbList\",\"@id\":\"https:\/\/www.tallerparentesis.com\/inoportunos\/valor-y-precio\/#breadcrumb\",\"itemListElement\":[{\"@type\":\"ListItem\",\"position\":1,\"name\":\"Portada\",\"item\":\"https:\/\/www.tallerparentesis.com\/inoportunos\/\"},{\"@type\":\"ListItem\",\"position\":2,\"name\":\"Valor y precio\"}]},{\"@type\":\"WebSite\",\"@id\":\"https:\/\/www.tallerparentesis.com\/inoportunos\/#website\",\"url\":\"https:\/\/www.tallerparentesis.com\/inoportunos\/\",\"name\":\"Inoportunos\",\"description\":\"Narraciones, art\u00edculos y entrevistas, a veces oportunos\",\"potentialAction\":[{\"@type\":\"SearchAction\",\"target\":{\"@type\":\"EntryPoint\",\"urlTemplate\":\"https:\/\/www.tallerparentesis.com\/inoportunos\/?s={search_term_string}\"},\"query-input\":\"required name=search_term_string\"}],\"inLanguage\":\"es\"},{\"@type\":\"Person\",\"@id\":\"https:\/\/www.tallerparentesis.com\/inoportunos\/#\/schema\/person\/978df3fcdc9711fd18b478dbfd0d16e7\",\"name\":\"Lola Lorente\",\"image\":{\"@type\":\"ImageObject\",\"inLanguage\":\"es\",\"@id\":\"https:\/\/www.tallerparentesis.com\/inoportunos\/#\/schema\/person\/image\/\",\"url\":\"https:\/\/www.tallerparentesis.com\/inoportunos\/files\/2015\/04\/Lola-150x150.jpg\",\"contentUrl\":\"https:\/\/www.tallerparentesis.com\/inoportunos\/files\/2015\/04\/Lola-150x150.jpg\",\"caption\":\"Lola Lorente\"},\"description\":\"Diplomada en Relaciones Laborales. Coordinadora de los talleres Par\u00e9ntesis desde 2007, tras cursar los tres a\u00f1os del Taller de Escritura. Es profesora del taller de escritura para ni\u00f1os. Tiene relatos publicados en diversas antolog\u00edas.\",\"url\":\"https:\/\/www.tallerparentesis.com\/inoportunos\/author\/lola\/\"}]}<\/script>\n<!-- \/ Yoast SEO plugin. -->","yoast_head_json":{"title":"Valor y precio","description":"\"Valor y precio\" es la emotiva reflexi\u00f3n de Lola Llorente sobre la inmensidad que separa, a veces, el valor de las cosas y su precio de mercado.","robots":{"index":"index","follow":"follow","max-snippet":"max-snippet:-1","max-image-preview":"max-image-preview:large","max-video-preview":"max-video-preview:-1"},"canonical":"https:\/\/www.tallerparentesis.com\/inoportunos\/valor-y-precio\/","og_locale":"es_ES","og_type":"article","og_title":"Valor y precio","og_description":"\"Valor y precio\" es la emotiva reflexi\u00f3n de Lola Llorente sobre la inmensidad que separa, a veces, el valor de las cosas y su precio de mercado.","og_url":"https:\/\/www.tallerparentesis.com\/inoportunos\/valor-y-precio\/","og_site_name":"Inoportunos","article_publisher":"https:\/\/es-es.facebook.com\/tallerparentesismalaga","article_published_time":"2015-10-27T23:04:09+00:00","article_modified_time":"2017-03-13T17:53:10+00:00","og_image":[{"width":710,"height":372,"url":"https:\/\/www.tallerparentesis.com\/inoportunos\/files\/2015\/10\/VALOR-Y-PRECIO-03.jpg","type":"image\/jpeg"}],"author":"Lola Lorente","twitter_card":"summary_large_image","twitter_creator":"@tallerparentsis","twitter_site":"@tallerparentsis","twitter_misc":{"Escrito por":"Lola Lorente","Tiempo de lectura":"3 minutos"},"schema":{"@context":"https:\/\/schema.org","@graph":[{"@type":"WebPage","@id":"https:\/\/www.tallerparentesis.com\/inoportunos\/valor-y-precio\/","url":"https:\/\/www.tallerparentesis.com\/inoportunos\/valor-y-precio\/","name":"Valor y precio","isPartOf":{"@id":"https:\/\/www.tallerparentesis.com\/inoportunos\/#website"},"primaryImageOfPage":{"@id":"https:\/\/www.tallerparentesis.com\/inoportunos\/valor-y-precio\/#primaryimage"},"image":{"@id":"https:\/\/www.tallerparentesis.com\/inoportunos\/valor-y-precio\/#primaryimage"},"thumbnailUrl":"https:\/\/www.tallerparentesis.com\/inoportunos\/files\/2015\/10\/VALOR-Y-PRECIO-03.jpg","datePublished":"2015-10-27T23:04:09+00:00","dateModified":"2017-03-13T17:53:10+00:00","author":{"@id":"https:\/\/www.tallerparentesis.com\/inoportunos\/#\/schema\/person\/978df3fcdc9711fd18b478dbfd0d16e7"},"description":"\"Valor y precio\" es la emotiva reflexi\u00f3n de Lola Llorente sobre la inmensidad que separa, a veces, el valor de las cosas y su precio de mercado.","breadcrumb":{"@id":"https:\/\/www.tallerparentesis.com\/inoportunos\/valor-y-precio\/#breadcrumb"},"inLanguage":"es","potentialAction":[{"@type":"ReadAction","target":["https:\/\/www.tallerparentesis.com\/inoportunos\/valor-y-precio\/"]}]},{"@type":"ImageObject","inLanguage":"es","@id":"https:\/\/www.tallerparentesis.com\/inoportunos\/valor-y-precio\/#primaryimage","url":"https:\/\/www.tallerparentesis.com\/inoportunos\/files\/2015\/10\/VALOR-Y-PRECIO-03.jpg","contentUrl":"https:\/\/www.tallerparentesis.com\/inoportunos\/files\/2015\/10\/VALOR-Y-PRECIO-03.jpg","width":710,"height":372},{"@type":"BreadcrumbList","@id":"https:\/\/www.tallerparentesis.com\/inoportunos\/valor-y-precio\/#breadcrumb","itemListElement":[{"@type":"ListItem","position":1,"name":"Portada","item":"https:\/\/www.tallerparentesis.com\/inoportunos\/"},{"@type":"ListItem","position":2,"name":"Valor y precio"}]},{"@type":"WebSite","@id":"https:\/\/www.tallerparentesis.com\/inoportunos\/#website","url":"https:\/\/www.tallerparentesis.com\/inoportunos\/","name":"Inoportunos","description":"Narraciones, art\u00edculos y entrevistas, a veces oportunos","potentialAction":[{"@type":"SearchAction","target":{"@type":"EntryPoint","urlTemplate":"https:\/\/www.tallerparentesis.com\/inoportunos\/?s={search_term_string}"},"query-input":"required name=search_term_string"}],"inLanguage":"es"},{"@type":"Person","@id":"https:\/\/www.tallerparentesis.com\/inoportunos\/#\/schema\/person\/978df3fcdc9711fd18b478dbfd0d16e7","name":"Lola Lorente","image":{"@type":"ImageObject","inLanguage":"es","@id":"https:\/\/www.tallerparentesis.com\/inoportunos\/#\/schema\/person\/image\/","url":"https:\/\/www.tallerparentesis.com\/inoportunos\/files\/2015\/04\/Lola-150x150.jpg","contentUrl":"https:\/\/www.tallerparentesis.com\/inoportunos\/files\/2015\/04\/Lola-150x150.jpg","caption":"Lola Lorente"},"description":"Diplomada en Relaciones Laborales. Coordinadora de los talleres Par\u00e9ntesis desde 2007, tras cursar los tres a\u00f1os del Taller de Escritura. Es profesora del taller de escritura para ni\u00f1os. Tiene relatos publicados en diversas antolog\u00edas.","url":"https:\/\/www.tallerparentesis.com\/inoportunos\/author\/lola\/"}]}},"_links":{"self":[{"href":"https:\/\/www.tallerparentesis.com\/inoportunos\/wp-json\/wp\/v2\/posts\/411"}],"collection":[{"href":"https:\/\/www.tallerparentesis.com\/inoportunos\/wp-json\/wp\/v2\/posts"}],"about":[{"href":"https:\/\/www.tallerparentesis.com\/inoportunos\/wp-json\/wp\/v2\/types\/post"}],"author":[{"embeddable":true,"href":"https:\/\/www.tallerparentesis.com\/inoportunos\/wp-json\/wp\/v2\/users\/120"}],"replies":[{"embeddable":true,"href":"https:\/\/www.tallerparentesis.com\/inoportunos\/wp-json\/wp\/v2\/comments?post=411"}],"version-history":[{"count":3,"href":"https:\/\/www.tallerparentesis.com\/inoportunos\/wp-json\/wp\/v2\/posts\/411\/revisions"}],"predecessor-version":[{"id":490,"href":"https:\/\/www.tallerparentesis.com\/inoportunos\/wp-json\/wp\/v2\/posts\/411\/revisions\/490"}],"wp:featuredmedia":[{"embeddable":true,"href":"https:\/\/www.tallerparentesis.com\/inoportunos\/wp-json\/wp\/v2\/media\/412"}],"wp:attachment":[{"href":"https:\/\/www.tallerparentesis.com\/inoportunos\/wp-json\/wp\/v2\/media?parent=411"}],"wp:term":[{"taxonomy":"category","embeddable":true,"href":"https:\/\/www.tallerparentesis.com\/inoportunos\/wp-json\/wp\/v2\/categories?post=411"},{"taxonomy":"post_tag","embeddable":true,"href":"https:\/\/www.tallerparentesis.com\/inoportunos\/wp-json\/wp\/v2\/tags?post=411"}],"curies":[{"name":"wp","href":"https:\/\/api.w.org\/{rel}","templated":true}]}}