{"id":473,"date":"2016-02-04T17:34:07","date_gmt":"2016-02-04T16:34:07","guid":{"rendered":"https:\/\/www.tallerparentesis.com\/inoportunos\/?p=473"},"modified":"2016-02-04T17:34:30","modified_gmt":"2016-02-04T16:34:30","slug":"entre-el-cielo-y-el-infierno","status":"publish","type":"post","link":"https:\/\/www.tallerparentesis.com\/inoportunos\/entre-el-cielo-y-el-infierno\/","title":{"rendered":"Entre el cielo y el infierno"},"content":{"rendered":"<p>Centrarme en un solo nombre no ser\u00eda justo. F\u00e1cilmente vienen a mi cabeza algunos de ellos. \u00bfD\u00f3nde comen? \u00bfD\u00f3nde duermen? \u00bfD\u00f3nde estar\u00e1n en este momento? Me asustar\u00eda saberlo. Das un golpe en la mesa y el ruido se vuelve silencio. Es el poder,\u00a0 aunque sea en el \u00e1mbito de un aula. Peque\u00f1os aut\u00f3matas programados que se rigen por los sonidos. Cuidado con lo que les cuentas, ellos siempre te escuchan. Mis palabras pueden cambiar toda una vida. Mis acciones tambi\u00e9n. La autoridad de mi posici\u00f3n frente a ellos me otorga ese placer. Es f\u00e1cil. Las t\u00e9cnicas, herramientas, estrategias las aprendo. Son de manual. Las aplico o las suprimo en funci\u00f3n de los resultados obtenidos. Tres palabras del vocabulario docente que vienen a significar lo mismo. Quedarse ah\u00ed, en el cielo, donde a todos nos gusta vanagloriarnos de lo bien que lo hacemos. T\u00e9cnicas digitales aplicadas al aula. Biling\u00fcismo. Y no olvidemos la \u00faltima palabra de moda: <em>portfolio<\/em>. Que ser\u00eda de ti si no la conocieras.<\/p>\n<p>Esta tarde, despu\u00e9s de cuatro insistentes llamadas,\u00a0 llega Ana. No necesita disculparse por su uniforme del asadero de pollos del barrio, pero lo hace. Viene acompa\u00f1ada por su hijo. Cari\u00f1oso se acerca, me abraza y me da un beso. Un gesto arisco se asoma a la cara de su madre y con torpe disimulo su mirada le reprime el afecto que me ha mostrado. Eso nunca se lo hace a ella, me cuenta. La escucho y suprimo medio guion de la charla que tengo preparada. Algunas cuestiones han quedado ya contestadas.<\/p>\n<p>Le comento que insulta, pega y le quita el material a los compa\u00f1eros, pero es bastante inteligente. Ella responde que pensaba que era tonto y a m\u00ed no me queda m\u00e1s remedio que eliminar otra parte del guion.<\/p>\n<p>\u2014 \u00bfSu relaci\u00f3n con el padre?\u2014 pregunto sin pre\u00e1mbulos.<\/p>\n<p>\u2014 Alguna vez le da\u00a0 un peque\u00f1o empuj\u00f3n. \u00a0No hay\u00a0 insultos en la casa, solo le dice tonto. Cuando nos env\u00edas una nota por su mal comportamiento se preocupa y le encierra en su habitaci\u00f3n. Si se pone nervioso siempre le calma con una ducha de agua fr\u00eda. Es un buen hombre. Hoy no ha podido acompa\u00f1arme porque est\u00e1 bajo arresto domiciliario.<\/p>\n<p>Rompo el guion. He comprado galletas. Las guardo en un mueble del aula. Para esos d\u00edas en los que la mam\u00e1 se ha vuelto a quedar dormida. Su ropa huele a limpio y sus zapatillas son de marca. \u00a0Los eccemas alrededor de su boca y sus enc\u00edas inflamadas me incomodan. Le gusta jugar con su perro. Le hace cosquillas con la lengua.<\/p>\n<p>Algunos lo llaman un chico complicado. Siempre con las etiquetas. Lo dem\u00e1s llega solo. Le podemos llenar el cuerpo con pegatinas con sus conductas escritas en may\u00fasculas y enfrentarlo al espejo. Me rebelo y contesto un no rotundo a mi compa\u00f1ero.<\/p>\n<p>Es mi ni\u00f1o. Igual que los miles de ni\u00f1os de a\u00f1os atr\u00e1s. Pero yo no puedo hacer m\u00e1s que ense\u00f1arles a so\u00f1ar, a pensar. A mirar hacia donde tienen que mirar. \u00a0Me conformo con haber hecho m\u00e1s feliz su existencia durante ese a\u00f1o. Me gustar\u00eda que alg\u00fan d\u00eda se acuerde de su maestra y no del m\u00e9todo ni de la t\u00e9cnica que aplic\u00f3. Todos ellos se quedan en un trocito de mi coraz\u00f3n.\u00a0 Hay lugar para todos. Ninguno se queda fuera de la clase.<\/p>\n","protected":false},"excerpt":{"rendered":"<p>Centrarme en un solo nombre no ser\u00eda justo. F\u00e1cilmente vienen a mi cabeza algunos de ellos. \u00bfD\u00f3nde comen? \u00bfD\u00f3nde duermen? \u00bfD\u00f3nde estar\u00e1n en este momento? Me asustar\u00eda saberlo. Das un golpe en la mesa y el ruido se vuelve silencio. Es el poder,\u00a0 aunque sea en el \u00e1mbito de un aula. Peque\u00f1os aut\u00f3matas programados que se rigen por los sonidos. Cuidado con lo que les cuentas, ellos siempre te escuchan. [&hellip;]<\/p>\n","protected":false},"author":200,"featured_media":474,"comment_status":"open","ping_status":"open","sticky":false,"template":"","format":"standard","meta":{"footnotes":""},"categories":[23],"tags":[],"yoast_head":"<!-- This site is optimized with the Yoast SEO plugin v22.3 - https:\/\/yoast.com\/wordpress\/plugins\/seo\/ -->\n<title>Entre el cielo y el infierno - Inoportunos<\/title>\n<meta name=\"robots\" content=\"index, follow, max-snippet:-1, max-image-preview:large, max-video-preview:-1\" \/>\n<link rel=\"canonical\" href=\"https:\/\/www.tallerparentesis.com\/inoportunos\/entre-el-cielo-y-el-infierno\/\" \/>\n<meta property=\"og:locale\" content=\"es_ES\" \/>\n<meta property=\"og:type\" content=\"article\" \/>\n<meta property=\"og:title\" content=\"Entre el cielo y el infierno - Inoportunos\" \/>\n<meta property=\"og:description\" content=\"Centrarme en un solo nombre no ser\u00eda justo. F\u00e1cilmente vienen a mi cabeza algunos de ellos. \u00bfD\u00f3nde comen? \u00bfD\u00f3nde duermen? \u00bfD\u00f3nde estar\u00e1n en este momento? Me asustar\u00eda saberlo. Das un golpe en la mesa y el ruido se vuelve silencio. Es el poder,\u00a0 aunque sea en el \u00e1mbito de un aula. Peque\u00f1os aut\u00f3matas programados que se rigen por los sonidos. Cuidado con lo que les cuentas, ellos siempre te escuchan. [&hellip;]\" \/>\n<meta property=\"og:url\" content=\"https:\/\/www.tallerparentesis.com\/inoportunos\/entre-el-cielo-y-el-infierno\/\" \/>\n<meta property=\"og:site_name\" content=\"Inoportunos\" \/>\n<meta property=\"article:publisher\" content=\"https:\/\/es-es.facebook.com\/tallerparentesismalaga\" \/>\n<meta property=\"article:published_time\" content=\"2016-02-04T16:34:07+00:00\" \/>\n<meta property=\"article:modified_time\" content=\"2016-02-04T16:34:30+00:00\" \/>\n<meta property=\"og:image\" content=\"https:\/\/www.tallerparentesis.com\/inoportunos\/files\/2016\/02\/ENTRE-EL-CIELO-Y-EL-INFIERNO-01.jpg\" \/>\n\t<meta property=\"og:image:width\" content=\"585\" \/>\n\t<meta property=\"og:image:height\" content=\"306\" \/>\n\t<meta property=\"og:image:type\" content=\"image\/jpeg\" \/>\n<meta name=\"author\" content=\"Magda Prieto\" \/>\n<meta name=\"twitter:card\" content=\"summary_large_image\" \/>\n<meta name=\"twitter:creator\" content=\"@tallerparentsis\" \/>\n<meta name=\"twitter:site\" content=\"@tallerparentsis\" \/>\n<meta name=\"twitter:label1\" content=\"Escrito por\" \/>\n\t<meta name=\"twitter:data1\" content=\"Magda Prieto\" \/>\n\t<meta name=\"twitter:label2\" content=\"Tiempo de lectura\" \/>\n\t<meta name=\"twitter:data2\" content=\"3 minutos\" \/>\n<script type=\"application\/ld+json\" class=\"yoast-schema-graph\">{\"@context\":\"https:\/\/schema.org\",\"@graph\":[{\"@type\":\"WebPage\",\"@id\":\"https:\/\/www.tallerparentesis.com\/inoportunos\/entre-el-cielo-y-el-infierno\/\",\"url\":\"https:\/\/www.tallerparentesis.com\/inoportunos\/entre-el-cielo-y-el-infierno\/\",\"name\":\"Entre el cielo y el infierno - Inoportunos\",\"isPartOf\":{\"@id\":\"https:\/\/www.tallerparentesis.com\/inoportunos\/#website\"},\"primaryImageOfPage\":{\"@id\":\"https:\/\/www.tallerparentesis.com\/inoportunos\/entre-el-cielo-y-el-infierno\/#primaryimage\"},\"image\":{\"@id\":\"https:\/\/www.tallerparentesis.com\/inoportunos\/entre-el-cielo-y-el-infierno\/#primaryimage\"},\"thumbnailUrl\":\"https:\/\/www.tallerparentesis.com\/inoportunos\/files\/2016\/02\/ENTRE-EL-CIELO-Y-EL-INFIERNO-01.jpg\",\"datePublished\":\"2016-02-04T16:34:07+00:00\",\"dateModified\":\"2016-02-04T16:34:30+00:00\",\"author\":{\"@id\":\"https:\/\/www.tallerparentesis.com\/inoportunos\/#\/schema\/person\/5b4ac148bc77ee7957a03e9943129ea6\"},\"breadcrumb\":{\"@id\":\"https:\/\/www.tallerparentesis.com\/inoportunos\/entre-el-cielo-y-el-infierno\/#breadcrumb\"},\"inLanguage\":\"es\",\"potentialAction\":[{\"@type\":\"ReadAction\",\"target\":[\"https:\/\/www.tallerparentesis.com\/inoportunos\/entre-el-cielo-y-el-infierno\/\"]}]},{\"@type\":\"ImageObject\",\"inLanguage\":\"es\",\"@id\":\"https:\/\/www.tallerparentesis.com\/inoportunos\/entre-el-cielo-y-el-infierno\/#primaryimage\",\"url\":\"https:\/\/www.tallerparentesis.com\/inoportunos\/files\/2016\/02\/ENTRE-EL-CIELO-Y-EL-INFIERNO-01.jpg\",\"contentUrl\":\"https:\/\/www.tallerparentesis.com\/inoportunos\/files\/2016\/02\/ENTRE-EL-CIELO-Y-EL-INFIERNO-01.jpg\",\"width\":585,\"height\":306},{\"@type\":\"BreadcrumbList\",\"@id\":\"https:\/\/www.tallerparentesis.com\/inoportunos\/entre-el-cielo-y-el-infierno\/#breadcrumb\",\"itemListElement\":[{\"@type\":\"ListItem\",\"position\":1,\"name\":\"Portada\",\"item\":\"https:\/\/www.tallerparentesis.com\/inoportunos\/\"},{\"@type\":\"ListItem\",\"position\":2,\"name\":\"Entre el cielo y el infierno\"}]},{\"@type\":\"WebSite\",\"@id\":\"https:\/\/www.tallerparentesis.com\/inoportunos\/#website\",\"url\":\"https:\/\/www.tallerparentesis.com\/inoportunos\/\",\"name\":\"Inoportunos\",\"description\":\"Narraciones, art\u00edculos y entrevistas, a veces oportunos\",\"potentialAction\":[{\"@type\":\"SearchAction\",\"target\":{\"@type\":\"EntryPoint\",\"urlTemplate\":\"https:\/\/www.tallerparentesis.com\/inoportunos\/?s={search_term_string}\"},\"query-input\":\"required name=search_term_string\"}],\"inLanguage\":\"es\"},{\"@type\":\"Person\",\"@id\":\"https:\/\/www.tallerparentesis.com\/inoportunos\/#\/schema\/person\/5b4ac148bc77ee7957a03e9943129ea6\",\"name\":\"Magda Prieto\",\"image\":{\"@type\":\"ImageObject\",\"inLanguage\":\"es\",\"@id\":\"https:\/\/www.tallerparentesis.com\/inoportunos\/#\/schema\/person\/image\/\",\"url\":\"https:\/\/www.tallerparentesis.com\/inoportunos\/files\/2016\/02\/Magda2-150x150.jpg\",\"contentUrl\":\"https:\/\/www.tallerparentesis.com\/inoportunos\/files\/2016\/02\/Magda2-150x150.jpg\",\"caption\":\"Magda Prieto\"},\"description\":\"Maestra y escritora. Antigua alumna del Taller de Escritura Par\u00e9ntesis. Escribe colaboraciones relacionadas con la educaci\u00f3n.\",\"url\":\"https:\/\/www.tallerparentesis.com\/inoportunos\/author\/madypri\/\"}]}<\/script>\n<!-- \/ Yoast SEO plugin. -->","yoast_head_json":{"title":"Entre el cielo y el infierno - Inoportunos","robots":{"index":"index","follow":"follow","max-snippet":"max-snippet:-1","max-image-preview":"max-image-preview:large","max-video-preview":"max-video-preview:-1"},"canonical":"https:\/\/www.tallerparentesis.com\/inoportunos\/entre-el-cielo-y-el-infierno\/","og_locale":"es_ES","og_type":"article","og_title":"Entre el cielo y el infierno - Inoportunos","og_description":"Centrarme en un solo nombre no ser\u00eda justo. F\u00e1cilmente vienen a mi cabeza algunos de ellos. \u00bfD\u00f3nde comen? \u00bfD\u00f3nde duermen? \u00bfD\u00f3nde estar\u00e1n en este momento? Me asustar\u00eda saberlo. Das un golpe en la mesa y el ruido se vuelve silencio. Es el poder,\u00a0 aunque sea en el \u00e1mbito de un aula. Peque\u00f1os aut\u00f3matas programados que se rigen por los sonidos. Cuidado con lo que les cuentas, ellos siempre te escuchan. [&hellip;]","og_url":"https:\/\/www.tallerparentesis.com\/inoportunos\/entre-el-cielo-y-el-infierno\/","og_site_name":"Inoportunos","article_publisher":"https:\/\/es-es.facebook.com\/tallerparentesismalaga","article_published_time":"2016-02-04T16:34:07+00:00","article_modified_time":"2016-02-04T16:34:30+00:00","og_image":[{"width":585,"height":306,"url":"https:\/\/www.tallerparentesis.com\/inoportunos\/files\/2016\/02\/ENTRE-EL-CIELO-Y-EL-INFIERNO-01.jpg","type":"image\/jpeg"}],"author":"Magda Prieto","twitter_card":"summary_large_image","twitter_creator":"@tallerparentsis","twitter_site":"@tallerparentsis","twitter_misc":{"Escrito por":"Magda Prieto","Tiempo de lectura":"3 minutos"},"schema":{"@context":"https:\/\/schema.org","@graph":[{"@type":"WebPage","@id":"https:\/\/www.tallerparentesis.com\/inoportunos\/entre-el-cielo-y-el-infierno\/","url":"https:\/\/www.tallerparentesis.com\/inoportunos\/entre-el-cielo-y-el-infierno\/","name":"Entre el cielo y el infierno - Inoportunos","isPartOf":{"@id":"https:\/\/www.tallerparentesis.com\/inoportunos\/#website"},"primaryImageOfPage":{"@id":"https:\/\/www.tallerparentesis.com\/inoportunos\/entre-el-cielo-y-el-infierno\/#primaryimage"},"image":{"@id":"https:\/\/www.tallerparentesis.com\/inoportunos\/entre-el-cielo-y-el-infierno\/#primaryimage"},"thumbnailUrl":"https:\/\/www.tallerparentesis.com\/inoportunos\/files\/2016\/02\/ENTRE-EL-CIELO-Y-EL-INFIERNO-01.jpg","datePublished":"2016-02-04T16:34:07+00:00","dateModified":"2016-02-04T16:34:30+00:00","author":{"@id":"https:\/\/www.tallerparentesis.com\/inoportunos\/#\/schema\/person\/5b4ac148bc77ee7957a03e9943129ea6"},"breadcrumb":{"@id":"https:\/\/www.tallerparentesis.com\/inoportunos\/entre-el-cielo-y-el-infierno\/#breadcrumb"},"inLanguage":"es","potentialAction":[{"@type":"ReadAction","target":["https:\/\/www.tallerparentesis.com\/inoportunos\/entre-el-cielo-y-el-infierno\/"]}]},{"@type":"ImageObject","inLanguage":"es","@id":"https:\/\/www.tallerparentesis.com\/inoportunos\/entre-el-cielo-y-el-infierno\/#primaryimage","url":"https:\/\/www.tallerparentesis.com\/inoportunos\/files\/2016\/02\/ENTRE-EL-CIELO-Y-EL-INFIERNO-01.jpg","contentUrl":"https:\/\/www.tallerparentesis.com\/inoportunos\/files\/2016\/02\/ENTRE-EL-CIELO-Y-EL-INFIERNO-01.jpg","width":585,"height":306},{"@type":"BreadcrumbList","@id":"https:\/\/www.tallerparentesis.com\/inoportunos\/entre-el-cielo-y-el-infierno\/#breadcrumb","itemListElement":[{"@type":"ListItem","position":1,"name":"Portada","item":"https:\/\/www.tallerparentesis.com\/inoportunos\/"},{"@type":"ListItem","position":2,"name":"Entre el cielo y el infierno"}]},{"@type":"WebSite","@id":"https:\/\/www.tallerparentesis.com\/inoportunos\/#website","url":"https:\/\/www.tallerparentesis.com\/inoportunos\/","name":"Inoportunos","description":"Narraciones, art\u00edculos y entrevistas, a veces oportunos","potentialAction":[{"@type":"SearchAction","target":{"@type":"EntryPoint","urlTemplate":"https:\/\/www.tallerparentesis.com\/inoportunos\/?s={search_term_string}"},"query-input":"required name=search_term_string"}],"inLanguage":"es"},{"@type":"Person","@id":"https:\/\/www.tallerparentesis.com\/inoportunos\/#\/schema\/person\/5b4ac148bc77ee7957a03e9943129ea6","name":"Magda Prieto","image":{"@type":"ImageObject","inLanguage":"es","@id":"https:\/\/www.tallerparentesis.com\/inoportunos\/#\/schema\/person\/image\/","url":"https:\/\/www.tallerparentesis.com\/inoportunos\/files\/2016\/02\/Magda2-150x150.jpg","contentUrl":"https:\/\/www.tallerparentesis.com\/inoportunos\/files\/2016\/02\/Magda2-150x150.jpg","caption":"Magda Prieto"},"description":"Maestra y escritora. Antigua alumna del Taller de Escritura Par\u00e9ntesis. Escribe colaboraciones relacionadas con la educaci\u00f3n.","url":"https:\/\/www.tallerparentesis.com\/inoportunos\/author\/madypri\/"}]}},"_links":{"self":[{"href":"https:\/\/www.tallerparentesis.com\/inoportunos\/wp-json\/wp\/v2\/posts\/473"}],"collection":[{"href":"https:\/\/www.tallerparentesis.com\/inoportunos\/wp-json\/wp\/v2\/posts"}],"about":[{"href":"https:\/\/www.tallerparentesis.com\/inoportunos\/wp-json\/wp\/v2\/types\/post"}],"author":[{"embeddable":true,"href":"https:\/\/www.tallerparentesis.com\/inoportunos\/wp-json\/wp\/v2\/users\/200"}],"replies":[{"embeddable":true,"href":"https:\/\/www.tallerparentesis.com\/inoportunos\/wp-json\/wp\/v2\/comments?post=473"}],"version-history":[{"count":1,"href":"https:\/\/www.tallerparentesis.com\/inoportunos\/wp-json\/wp\/v2\/posts\/473\/revisions"}],"predecessor-version":[{"id":475,"href":"https:\/\/www.tallerparentesis.com\/inoportunos\/wp-json\/wp\/v2\/posts\/473\/revisions\/475"}],"wp:featuredmedia":[{"embeddable":true,"href":"https:\/\/www.tallerparentesis.com\/inoportunos\/wp-json\/wp\/v2\/media\/474"}],"wp:attachment":[{"href":"https:\/\/www.tallerparentesis.com\/inoportunos\/wp-json\/wp\/v2\/media?parent=473"}],"wp:term":[{"taxonomy":"category","embeddable":true,"href":"https:\/\/www.tallerparentesis.com\/inoportunos\/wp-json\/wp\/v2\/categories?post=473"},{"taxonomy":"post_tag","embeddable":true,"href":"https:\/\/www.tallerparentesis.com\/inoportunos\/wp-json\/wp\/v2\/tags?post=473"}],"curies":[{"name":"wp","href":"https:\/\/api.w.org\/{rel}","templated":true}]}}